{"id":795,"date":"2021-12-30T15:07:11","date_gmt":"2021-12-30T18:07:11","guid":{"rendered":"http:\/\/clubedabaladeira.com.br\/index.php\/2021\/12\/30\/five-reasons-why-children-need-to-learn-yoga-and-meditate\/"},"modified":"2022-04-22T17:23:30","modified_gmt":"2022-04-22T20:23:30","slug":"five-reasons-why-children-need-to-learn-yoga-and-meditate","status":"publish","type":"post","link":"https:\/\/clubedabaladeira.com.br\/index.php\/2021\/12\/30\/five-reasons-why-children-need-to-learn-yoga-and-meditate\/","title":{"rendered":"Na BRIGA entre POL\u00cdTICOS banque o cego, surdo e mudo &#8211; \u00e9 o melhor a fazer."},"content":{"rendered":"\n<p class=\"has-drop-cap\"><span style=\"font-weight: 400;\">Um deputado estadual foi \u00e0 tribuna da ALE-AM para denunciar uma suposta persegui\u00e7\u00e3o que o Prefeito da cidade de  <strong>SANTA IZABEL<\/strong> estaria praticando contra o presidente da C\u00e2mara daquele Munic\u00edpio do interior<\/span> do Amazonas. Na falta de algo mais \u00fatil e relevante para levar \u00e0 discuss\u00e3o na tribuna com os seus pares, o deputado optou por dar visibilidade a um arranca rabo entre politicos no interior. <\/p>\n\n\n\n<p>Como diria a minha saudosa av\u00f3 Graziela &#8211; a\u00ed tem! Ningu\u00e9m sai perseguindo ningu\u00e9m de gra\u00e7a, principalmente nessa pol\u00edtica que n\u00f3s vivemos, regada de muito cinismo, oportunismo e hipocrisia. O inesquec\u00edvel Dr. <strong>EN\u00c9AS<\/strong> Carneiro, que na sua campanha para presidente da rep\u00fablica criou o bord\u00e3o &#8211; meu nome \u00e9 En\u00e9as! &#8211;  certa oportunidade disse algo que tem tudo a ver com os dias de hoje,<\/p>\n\n\n\n<p class=\"has-text-align-left\"><strong>\u201cNa verdade n\u00e3o somos mais uma sociedade, somos um bando. Porque n\u00e3o h\u00e1 ordem, n\u00e3o h\u00e1 mais respeito, n\u00e3o h\u00e1 dec\u00eancia\u201d.<\/strong><\/p>\n\n\n\n<p>Assim, voltando ao arranca rabo l\u00e1 em SANTA IZABEL, o melhor mesmo a fazer \u00e9 correr dele. Tem uma frase, cujo autor n\u00e3o lembro o nome, que diz o seguinte:<\/p>\n\n\n\n<p><strong>\u201cBRIGAR por pol\u00edtica no atual cen\u00e1rio, \u00e9 o mesmo que ter uma crise de ci\u00fames na ZONA.\u201d<\/strong><\/p>\n\n\n\n<p>\u00c9 a mais pura verdade. N\u00e3o perca o seu tempo. N\u00e3o se meta em briga de pol\u00edticos &#8211; \u00e9 a melhor coisa a fazer. Siga a li\u00e7\u00e3o que eles mesmos nos passam &#8211; se fa\u00e7a de cego, surdo e mudo. Ao tomar partido, o risco de s\u00f3 voc\u00ea se dar mal \u00e9 de 99,99%. Por conveni\u00eancia, e em defesa do pr\u00f3prio umbigo, o pol\u00edtico costuma vender a alma, negar a pr\u00f3pria sombra e, acredite, transformar rapidinho inimigo pol\u00edtico em amigo do peito e de velhas encarna\u00e7\u00f5es passadas. E tem mais &#8211; para justificar qualquer uni\u00e3o pol\u00edtica, por mais esdr\u00faxula e imoral que seja, eles v\u00e3o apelar para o divino e dizer que foi Deus que soprou no ouvido deles para que deixem a briga de lado e se unam para ajudar a salvar o pr\u00f3ximo. Da\u00ed ent\u00e3o meu caro, se voc\u00ea resolveu dar uma de xereta  e tomar o partido de um dos lados, voc\u00ea vai ser abandonado, excomungado, crucificado e declarado como persona non grata pelos dois lados. <\/p>\n","protected":false},"excerpt":{"rendered":"<p>Falta ordem, respeito e dec\u00eancia.<\/p>\n","protected":false},"author":2,"featured_media":1048,"comment_status":"open","ping_status":"open","sticky":false,"template":"","format":"standard","meta":{"om_disable_all_campaigns":false,"_monsterinsights_skip_tracking":false,"_monsterinsights_sitenote_active":false,"_monsterinsights_sitenote_note":"","_monsterinsights_sitenote_category":0,"footnotes":""},"categories":[44],"tags":[],"class_list":["post-795","post","type-post","status-publish","format-standard","has-post-thumbnail","hentry","category-politica"],"aioseo_notices":[],"_links":{"self":[{"href":"https:\/\/clubedabaladeira.com.br\/index.php\/wp-json\/wp\/v2\/posts\/795","targetHints":{"allow":["GET"]}}],"collection":[{"href":"https:\/\/clubedabaladeira.com.br\/index.php\/wp-json\/wp\/v2\/posts"}],"about":[{"href":"https:\/\/clubedabaladeira.com.br\/index.php\/wp-json\/wp\/v2\/types\/post"}],"author":[{"embeddable":true,"href":"https:\/\/clubedabaladeira.com.br\/index.php\/wp-json\/wp\/v2\/users\/2"}],"replies":[{"embeddable":true,"href":"https:\/\/clubedabaladeira.com.br\/index.php\/wp-json\/wp\/v2\/comments?post=795"}],"version-history":[{"count":9,"href":"https:\/\/clubedabaladeira.com.br\/index.php\/wp-json\/wp\/v2\/posts\/795\/revisions"}],"predecessor-version":[{"id":1168,"href":"https:\/\/clubedabaladeira.com.br\/index.php\/wp-json\/wp\/v2\/posts\/795\/revisions\/1168"}],"wp:featuredmedia":[{"embeddable":true,"href":"https:\/\/clubedabaladeira.com.br\/index.php\/wp-json\/wp\/v2\/media\/1048"}],"wp:attachment":[{"href":"https:\/\/clubedabaladeira.com.br\/index.php\/wp-json\/wp\/v2\/media?parent=795"}],"wp:term":[{"taxonomy":"category","embeddable":true,"href":"https:\/\/clubedabaladeira.com.br\/index.php\/wp-json\/wp\/v2\/categories?post=795"},{"taxonomy":"post_tag","embeddable":true,"href":"https:\/\/clubedabaladeira.com.br\/index.php\/wp-json\/wp\/v2\/tags?post=795"}],"curies":[{"name":"wp","href":"https:\/\/api.w.org\/{rel}","templated":true}]}}