{"id":1738,"date":"2026-04-04T01:01:59","date_gmt":"2026-04-04T04:01:59","guid":{"rendered":"https:\/\/clubedabaladeira.com.br\/?p=1738"},"modified":"2026-04-04T01:20:43","modified_gmt":"2026-04-04T04:20:43","slug":"renato-agora-a-bronca-e-tua","status":"publish","type":"post","link":"https:\/\/clubedabaladeira.com.br\/index.php\/2026\/04\/04\/renato-agora-a-bronca-e-tua\/","title":{"rendered":"Renato, agora a bronca \u00e9 tua."},"content":{"rendered":"\n<p class=\"has-medium-font-size\">Segundo declarou publicamente o ex-prefeito, quem comanda agora a Prefeitura de Manaus \u00e9s tu, Renato Junior. Nesse caso, podemos afirmar que daqui para frente a bronca \u00e9 toda tua. Chegou a hora de sair da sombra e assumir, de fato, o protagonismo. Isso implica mais do que ocupar o cargo. Exige construir uma identidade pr\u00f3pria, definir um rumo claro e assumir responsabilidades sem tutelas.<\/p>\n\n\n\n<p class=\"has-medium-font-size\">\u00c9 hora de come\u00e7ar corrigindo as mazelas acumuladas desde a gest\u00e3o passada e que s\u00e3o poucas. Permanecer na l\u00f3gica de mera continuidade \u00e9 aceitar carregar tamb\u00e9m os erros do passado. Liderar, por outro lado, \u00e9 ter coragem para romper com pr\u00e1ticas equivocadas, ainda que isso signifique contrariar expectativas ou antigos aliados.<\/p>\n\n\n<div class=\"wp-block-image is-style-rounded\">\n<figure class=\"alignleft size-full\"><img loading=\"lazy\" decoding=\"async\" width=\"303\" height=\"166\" src=\"http:\/\/clubedabaladeira.com.br\/wp-content\/uploads\/2026\/04\/novo-prefeito-1.jpeg\" alt=\"\" class=\"wp-image-1749\" srcset=\"https:\/\/clubedabaladeira.com.br\/wp-content\/uploads\/2026\/04\/novo-prefeito-1.jpeg 303w, https:\/\/clubedabaladeira.com.br\/wp-content\/uploads\/2026\/04\/novo-prefeito-1-300x164.jpeg 300w\" sizes=\"auto, (max-width: 303px) 100vw, 303px\" \/><\/figure>\n<\/div>\n\n\n<p class=\"has-medium-font-size\">At\u00e9 aqui, a imagem constru\u00edda foi a de algu\u00e9m de vice que estava onde o ex-prefeito estava, que fazia o que lhe era determinado, que aplaudia sem distin\u00e7\u00e3o, seja o certo ou o errado. Se isso n\u00e3o mudar, o risco \u00e9 tornar-se apenas mais um gestor sem identidade, sem marca e sem legado<\/p>\n\n\n\n<p class=\"has-medium-font-size\">O desafio, portanto, agora \u00e9 outro: falar menos e executar mais. Mostrar, com a\u00e7\u00f5es concretas, que h\u00e1 um novo comando, uma nova postura e um novo compromisso com a cidade. Construir a tua pr\u00f3pria estrada pol\u00edtica n\u00e3o \u00e9 uma op\u00e7\u00e3o \u2014 \u00e9 uma necessidade.<\/p>\n\n\n\n<p class=\"has-medium-font-size\">Por fim, um ponto inegoci\u00e1vel: transpar\u00eancia. E transpar\u00eancia de verdade, n\u00e3o o velho discurso vazio. A gest\u00e3o precisa abrir suas contas, expor seus n\u00fameros, permitir o acompanhamento real da popula\u00e7\u00e3o, especialmente no que diz respeito \u00e0s presta\u00e7\u00f5es de contas. Sem isso, qualquer promessa se dissolve em desconfian\u00e7a.<\/p>\n\n\n\n<p class=\"has-medium-font-size\">A bronca, agora, \u00e9 tua. E o tempo de provar isso j\u00e1 come\u00e7ou.<\/p>\n","protected":false},"excerpt":{"rendered":"<p>Segundo declarou publicamente o ex-prefeito, quem comanda agora a Prefeitura de Manaus \u00e9s tu, Renato Junior. Nesse caso, podemos afirmar que daqui para frente a bronca \u00e9 toda tua. Chegou a hora de sair da sombra e assumir, de fato, o protagonismo. Isso implica mais do que ocupar o cargo. Exige construir uma identidade pr\u00f3pria, [&hellip;]<\/p>\n","protected":false},"author":2,"featured_media":1739,"comment_status":"open","ping_status":"open","sticky":false,"template":"","format":"standard","meta":{"om_disable_all_campaigns":false,"_monsterinsights_skip_tracking":false,"_monsterinsights_sitenote_active":false,"_monsterinsights_sitenote_note":"","_monsterinsights_sitenote_category":0,"footnotes":""},"categories":[43,44],"tags":[],"class_list":["post-1738","post","type-post","status-publish","format-standard","has-post-thumbnail","hentry","category-manaus","category-politica"],"aioseo_notices":[],"_links":{"self":[{"href":"https:\/\/clubedabaladeira.com.br\/index.php\/wp-json\/wp\/v2\/posts\/1738","targetHints":{"allow":["GET"]}}],"collection":[{"href":"https:\/\/clubedabaladeira.com.br\/index.php\/wp-json\/wp\/v2\/posts"}],"about":[{"href":"https:\/\/clubedabaladeira.com.br\/index.php\/wp-json\/wp\/v2\/types\/post"}],"author":[{"embeddable":true,"href":"https:\/\/clubedabaladeira.com.br\/index.php\/wp-json\/wp\/v2\/users\/2"}],"replies":[{"embeddable":true,"href":"https:\/\/clubedabaladeira.com.br\/index.php\/wp-json\/wp\/v2\/comments?post=1738"}],"version-history":[{"count":10,"href":"https:\/\/clubedabaladeira.com.br\/index.php\/wp-json\/wp\/v2\/posts\/1738\/revisions"}],"predecessor-version":[{"id":1751,"href":"https:\/\/clubedabaladeira.com.br\/index.php\/wp-json\/wp\/v2\/posts\/1738\/revisions\/1751"}],"wp:featuredmedia":[{"embeddable":true,"href":"https:\/\/clubedabaladeira.com.br\/index.php\/wp-json\/wp\/v2\/media\/1739"}],"wp:attachment":[{"href":"https:\/\/clubedabaladeira.com.br\/index.php\/wp-json\/wp\/v2\/media?parent=1738"}],"wp:term":[{"taxonomy":"category","embeddable":true,"href":"https:\/\/clubedabaladeira.com.br\/index.php\/wp-json\/wp\/v2\/categories?post=1738"},{"taxonomy":"post_tag","embeddable":true,"href":"https:\/\/clubedabaladeira.com.br\/index.php\/wp-json\/wp\/v2\/tags?post=1738"}],"curies":[{"name":"wp","href":"https:\/\/api.w.org\/{rel}","templated":true}]}}