{"id":1624,"date":"2025-06-25T00:41:44","date_gmt":"2025-06-25T03:41:44","guid":{"rendered":"https:\/\/clubedabaladeira.com.br\/?p=1624"},"modified":"2025-07-11T14:12:08","modified_gmt":"2025-07-11T17:12:08","slug":"ruas-esburocadas-sao-armadilhas-mortais-no-transito","status":"publish","type":"post","link":"https:\/\/clubedabaladeira.com.br\/index.php\/2025\/06\/25\/ruas-esburocadas-sao-armadilhas-mortais-no-transito\/","title":{"rendered":"Ruas esburacadas s\u00e3o armadilhas mortais no tr\u00e2nsito."},"content":{"rendered":"\n<p class=\"has-drop-cap has-medium-font-size\">No labirinto urbano da cidade de Manaus, onde o asfalto deveria ser um tapete para o progresso, encontramos, em vez disso, um terreno minado de <strong>buracos<\/strong> que transformam ruas esburocadas em armadilhas mortais no tr\u00e2nsito. N\u00e3o estamos falando apenas de um inc\u00f4modo para os motoristas; \u00e9 tamb\u00e9m uma falha grotesca na gest\u00e3o p\u00fablica que tem custado muitas vidas. Lembrando que no seu primeiro mandato, o prefeito prometeu resolver o problema de 10 mil ruas e n\u00e3o chegou ainda a 4 mil ruas, sendo que dessas pelo menos metade j\u00e1 est\u00e3o com o asfalto trincado e os buracos voltaram a florescer.<\/p>\n\n\n\n<h2 class=\"wp-block-heading\"><strong>A Invisibilidade da Trag\u00e9dia<\/strong><\/h2>\n\n\n\n<p class=\"has-medium-font-size\">Os buracos nas ruas de Manaus n\u00e3o s\u00e3o meros buracos. S\u00e3o abismos da indiferen\u00e7a. S\u00e3o a prova cabal de uma administra\u00e7\u00e3o que falha em seu dever mais b\u00e1sico: garantir a seguran\u00e7a e a infraestrutura m\u00ednima para seus cidad\u00e3os. Quantas motoqueiros j\u00e1 derraparam e ca\u00edram de suas motos? Quantos carros tiveram seus pneus rasgados ou suspens\u00f5es danificadas? Quantos ciclistas ca\u00edram em decorr\u00eancia dessas crateras nas ruas? Quantas v\u00edtimas v\u00e3o carregar mazelas dos acidentes com os buracos pelo resto da vida? A contabilidade de acidentes, feridos e, lamentavelmente, mortos, \u00e9 um testemunho silencioso da ina\u00e7\u00e3o.<\/p>\n\n\n\n<figure class=\"wp-block-gallery has-nested-images columns-default is-cropped wp-block-gallery-1 is-layout-flex wp-block-gallery-is-layout-flex\">\n<figure class=\"wp-block-image size-medium\"><img loading=\"lazy\" decoding=\"async\" width=\"300\" height=\"216\" data-id=\"1650\" src=\"https:\/\/clubedabaladeira.com.br\/wp-content\/uploads\/2025\/06\/buraco-rua-Manaus-300x216.jpeg\" alt=\"\" class=\"wp-image-1650\" srcset=\"https:\/\/clubedabaladeira.com.br\/wp-content\/uploads\/2025\/06\/buraco-rua-Manaus-300x216.jpeg 300w, https:\/\/clubedabaladeira.com.br\/wp-content\/uploads\/2025\/06\/buraco-rua-Manaus-768x552.jpeg 768w, https:\/\/clubedabaladeira.com.br\/wp-content\/uploads\/2025\/06\/buraco-rua-Manaus-120x86.jpeg 120w, https:\/\/clubedabaladeira.com.br\/wp-content\/uploads\/2025\/06\/buraco-rua-Manaus-750x539.jpeg 750w, https:\/\/clubedabaladeira.com.br\/wp-content\/uploads\/2025\/06\/buraco-rua-Manaus.jpeg 960w\" sizes=\"auto, (max-width: 300px) 100vw, 300px\" \/><\/figure>\n\n\n\n<figure class=\"wp-block-image size-large\"><img loading=\"lazy\" decoding=\"async\" width=\"768\" height=\"1024\" data-id=\"1545\" src=\"https:\/\/clubedabaladeira.com.br\/wp-content\/uploads\/2024\/05\/BUEIRO2-768x1024.jpeg\" alt=\"\" class=\"wp-image-1545\" srcset=\"https:\/\/clubedabaladeira.com.br\/wp-content\/uploads\/2024\/05\/BUEIRO2-768x1024.jpeg 768w, https:\/\/clubedabaladeira.com.br\/wp-content\/uploads\/2024\/05\/BUEIRO2-225x300.jpeg 225w, https:\/\/clubedabaladeira.com.br\/wp-content\/uploads\/2024\/05\/BUEIRO2-1152x1536.jpeg 1152w, https:\/\/clubedabaladeira.com.br\/wp-content\/uploads\/2024\/05\/BUEIRO2-750x1000.jpeg 750w, https:\/\/clubedabaladeira.com.br\/wp-content\/uploads\/2024\/05\/BUEIRO2-1140x1520.jpeg 1140w, https:\/\/clubedabaladeira.com.br\/wp-content\/uploads\/2024\/05\/BUEIRO2.jpeg 1536w\" sizes=\"auto, (max-width: 768px) 100vw, 768px\" \/><\/figure>\n\n\n\n<figure class=\"wp-block-image size-thumbnail\"><img loading=\"lazy\" decoding=\"async\" width=\"150\" height=\"150\" data-id=\"1403\" src=\"https:\/\/clubedabaladeira.com.br\/wp-content\/uploads\/2023\/01\/20230118_093718-150x150.jpeg\" alt=\"\" class=\"wp-image-1403\" srcset=\"https:\/\/clubedabaladeira.com.br\/wp-content\/uploads\/2023\/01\/20230118_093718-150x150.jpeg 150w, https:\/\/clubedabaladeira.com.br\/wp-content\/uploads\/2023\/01\/20230118_093718-75x75.jpeg 75w, https:\/\/clubedabaladeira.com.br\/wp-content\/uploads\/2023\/01\/20230118_093718-350x350.jpeg 350w\" sizes=\"auto, (max-width: 150px) 100vw, 150px\" \/><\/figure>\n<\/figure>\n\n\n\n<p><\/p>\n\n\n\n<p class=\"has-medium-font-size\">A trag\u00e9dia \u00e9 ainda mais acentuada pela invisibilidade que a cerca. N\u00e3o h\u00e1 manchetes di\u00e1rias, posts suficientes para mostrar cada acidente de carro ou de motocicleta na cidade causada por um buraco. A dor e o preju\u00edzo ficam confinados ao \u00e2mbito pessoal das v\u00edtimas, enquanto o problema persiste, cr\u00f4nico e negligenciado pelas autoridades competentes.<\/p>\n\n\n\n<h2 class=\"wp-block-heading\"><strong>A Pol\u00edtica do Descaso<\/strong><\/h2>\n\n\n\n<p class=\"has-medium-font-size\">\u00c9 inaceit\u00e1vel que, em pleno s\u00e9culo XXI, uma cidade como Manaus conviva com tamanha precariedade vi\u00e1ria. Onde est\u00e3o os investimentos em infraestrutura? Para onde v\u00e3o os impostos pagos pelos cidad\u00e3os, que deveriam garantir ruas pavimentadas e seguras? Onde est\u00e3o os empr\u00e9stimos bilion\u00e1rios j\u00e1 realizados pelo atual prefeito, com o aval de seus aliados do CERCADINHO na CMM. A resposta parece estar no reino da <strong>pol\u00edtica do descaso<\/strong>, onde a manuten\u00e7\u00e3o da cidade \u00e9 relegada a um plano secund\u00e1rio, ofuscada por projetos de maior visibilidade eleitoral, mas de menor impacto real na vida do povo.<\/p>\n\n\n\n<p class=\"has-medium-font-size\">A realidade \u00e9 que os buracos nas ruas s\u00e3o um reflexo da prioridade distorcida. A pavimenta\u00e7\u00e3o \u00e9 vista como um custo, n\u00e3o como um investimento essencial na sa\u00fade p\u00fablica, na economia e na qualidade de vida. Enquanto isso, ambul\u00e2ncias correm contra o tempo para socorrer v\u00edtimas de acidentes que poderiam ter sido evitados com uma simples opera\u00e7\u00e3o tapa-buracos realizada com zelo e responsabilidade com as boas pr\u00e1ticas. O sucateamento de ve\u00edculos, o tempo perdido no tr\u00e2nsito e o risco iminente de acidentes fatais s\u00e3o custos invis\u00edveis que pesam sobre a popula\u00e7\u00e3o.<\/p>\n\n\n\n<h2 class=\"wp-block-heading\"><strong>O Despertar da Sociedade<\/strong><\/h2>\n\n\n\n<p class=\"has-medium-font-size\">N\u00e3o podemos permanecer na in\u00e9rcia, omissos e conformados com essa realidade. Precisamos reagir e exercer a nossa cidadania com afinco. N\u00e3o d\u00e1 mais para esperar por nossos supostos representantes e fiscais do povo. A maioria se rendeu aos caprichos do prefeito e optaram por uma rela\u00e7\u00e3o prom\u00edscua de troca de favores. \u00c9 imperativo que a sociedade manauara se levante e exija das autoridades respostas claras e solu\u00e7\u00f5es concretas. N\u00e3o basta mais os paliativos, os remendos superficiais que se desfazem na primeira chuva. Precisamos de um plano de longo prazo, de investimentos s\u00e9rios em pavimenta\u00e7\u00e3o, drenagem e sinaliza\u00e7\u00e3o.<\/p>\n\n\n\n<p class=\"has-medium-font-size\">Os buracos nas ruas n\u00e3o s\u00e3o apenas uma quest\u00e3o de engenharia; s\u00e3o uma quest\u00e3o de \u00e9tica e responsabilidade social. No atual contexto, s\u00e3o a prova de que a vida do cidad\u00e3o \u00e9 desvalorizada. \u00c9 hora de cobrar dos nossos pol\u00edticos e governantes a aten\u00e7\u00e3o e o respeito que merecemos, transformando a indigna\u00e7\u00e3o em a\u00e7\u00e3o para que as ruas de Manaus deixem de ser armadilhas e voltem a ser caminhos para o futuro. Se voc\u00ea concorda, vamos em frente, compartilhe.<\/p>\n\n\n\n<p><\/p>\n","protected":false},"excerpt":{"rendered":"<p>Buracos transformam ruas em armadilhas mortais<\/p>\n","protected":false},"author":2,"featured_media":1335,"comment_status":"open","ping_status":"open","sticky":false,"template":"","format":"standard","meta":{"om_disable_all_campaigns":false,"_monsterinsights_skip_tracking":false,"_monsterinsights_sitenote_active":false,"_monsterinsights_sitenote_note":"","_monsterinsights_sitenote_category":0,"footnotes":""},"categories":[43],"tags":[54],"class_list":["post-1624","post","type-post","status-publish","format-standard","has-post-thumbnail","hentry","category-manaus","tag-ruas-esburacadas"],"aioseo_notices":[],"_links":{"self":[{"href":"https:\/\/clubedabaladeira.com.br\/index.php\/wp-json\/wp\/v2\/posts\/1624","targetHints":{"allow":["GET"]}}],"collection":[{"href":"https:\/\/clubedabaladeira.com.br\/index.php\/wp-json\/wp\/v2\/posts"}],"about":[{"href":"https:\/\/clubedabaladeira.com.br\/index.php\/wp-json\/wp\/v2\/types\/post"}],"author":[{"embeddable":true,"href":"https:\/\/clubedabaladeira.com.br\/index.php\/wp-json\/wp\/v2\/users\/2"}],"replies":[{"embeddable":true,"href":"https:\/\/clubedabaladeira.com.br\/index.php\/wp-json\/wp\/v2\/comments?post=1624"}],"version-history":[{"count":20,"href":"https:\/\/clubedabaladeira.com.br\/index.php\/wp-json\/wp\/v2\/posts\/1624\/revisions"}],"predecessor-version":[{"id":1663,"href":"https:\/\/clubedabaladeira.com.br\/index.php\/wp-json\/wp\/v2\/posts\/1624\/revisions\/1663"}],"wp:featuredmedia":[{"embeddable":true,"href":"https:\/\/clubedabaladeira.com.br\/index.php\/wp-json\/wp\/v2\/media\/1335"}],"wp:attachment":[{"href":"https:\/\/clubedabaladeira.com.br\/index.php\/wp-json\/wp\/v2\/media?parent=1624"}],"wp:term":[{"taxonomy":"category","embeddable":true,"href":"https:\/\/clubedabaladeira.com.br\/index.php\/wp-json\/wp\/v2\/categories?post=1624"},{"taxonomy":"post_tag","embeddable":true,"href":"https:\/\/clubedabaladeira.com.br\/index.php\/wp-json\/wp\/v2\/tags?post=1624"}],"curies":[{"name":"wp","href":"https:\/\/api.w.org\/{rel}","templated":true}]}}