{"id":1618,"date":"2025-06-21T17:56:21","date_gmt":"2025-06-21T20:56:21","guid":{"rendered":"https:\/\/clubedabaladeira.com.br\/?p=1618"},"modified":"2025-07-07T01:20:01","modified_gmt":"2025-07-07T04:20:01","slug":"a-deslealdade-com-o-eleitor-e-a-desvalorizacao-do-mandato","status":"publish","type":"post","link":"https:\/\/clubedabaladeira.com.br\/index.php\/2025\/06\/21\/a-deslealdade-com-o-eleitor-e-a-desvalorizacao-do-mandato\/","title":{"rendered":"DESLEALDADE e DESVALORIZA\u00c7\u00c3O do mandato"},"content":{"rendered":"<div class=\"wp-block-image is-style-rounded\">\n<figure class=\"alignleft size-thumbnail\"><img loading=\"lazy\" decoding=\"async\" width=\"150\" height=\"150\" src=\"https:\/\/clubedabaladeira.com.br\/wp-content\/uploads\/2025\/06\/Gemini_Generated_Image_ijbn18ijbn18ijbn-150x150.png\" alt=\"\" class=\"wp-image-1605\" srcset=\"https:\/\/clubedabaladeira.com.br\/wp-content\/uploads\/2025\/06\/Gemini_Generated_Image_ijbn18ijbn18ijbn-150x150.png 150w, https:\/\/clubedabaladeira.com.br\/wp-content\/uploads\/2025\/06\/Gemini_Generated_Image_ijbn18ijbn18ijbn-300x300.png 300w, https:\/\/clubedabaladeira.com.br\/wp-content\/uploads\/2025\/06\/Gemini_Generated_Image_ijbn18ijbn18ijbn-1024x1024.png 1024w, https:\/\/clubedabaladeira.com.br\/wp-content\/uploads\/2025\/06\/Gemini_Generated_Image_ijbn18ijbn18ijbn-768x768.png 768w, https:\/\/clubedabaladeira.com.br\/wp-content\/uploads\/2025\/06\/Gemini_Generated_Image_ijbn18ijbn18ijbn-1536x1536.png 1536w, https:\/\/clubedabaladeira.com.br\/wp-content\/uploads\/2025\/06\/Gemini_Generated_Image_ijbn18ijbn18ijbn.png 2048w\" sizes=\"auto, (max-width: 150px) 100vw, 150px\" \/><\/figure>\n<\/div>\n\n\n<p class=\"has-medium-font-size\">A cena se repete a cada elei\u00e7\u00e3o.  Pol\u00edticos eleitos pelo voto popular para o poder legislativo, leiloam e abandonam seus mandatos em busca de cargos no poder executivo, seja em prefeituras, governos estaduais ou minist\u00e9rios do governo federal. Da\u00ed, quando a pr\u00f3xima elei\u00e7\u00e3o se avizinha, esses pol\u00edticos retornam para suas cadeiras no parlamento, como se nada tivesse acontecido. Cinicamente v\u00e3o para as ruas pedir novamente o voto dos eleitores para se manterem num mandato que n\u00e3o cumpriram e que, outrora julgaram menos importante do que uma posi\u00e7\u00e3o no executivo. Essa pr\u00e1tica \u00e9 comum na pol\u00edtica brasileira. Revela uma profunda deslealdade com o eleitor e uma desvaloriza\u00e7\u00e3o do mandato conquistado nas urnas, apesar do discurso c\u00ednico de que \u00e9 tudo pelo povo e para o povo.<\/p>\n\n\n\n<p class=\"has-medium-font-size\">Ao trocar um mandato conquistado pelo voto popular por um cargo no executivo, o pol\u00edtico demonstra um claro desrespeito \u00e0queles que o elegeram. E faz isso na maior cara de pau. O eleitor depositou sua confian\u00e7a em um projeto e em um representante para o parlamento. Essa confian\u00e7a \u00e9 quebrada quando o pol\u00edtico, por ambi\u00e7\u00e3o ou conveni\u00eancia, abandona o cargo para o qual foi eleito, abrindo porta para outro pol\u00edtico que o seu eleitor, diante das urnas, n\u00e3o votaria nem sob tortura. Essa atitude mina a credibilidade da classe pol\u00edtica e alimenta o ceticismo da popula\u00e7\u00e3o em rela\u00e7\u00e3o ao processo eleitoral.<strong><\/strong><\/p>\n\n\n\n<p class=\"has-medium-font-size\">A troca de mandatos tamb\u00e9m revela uma desvaloriza\u00e7\u00e3o do Poder Legislativo. O parlamento, que deveria ser um espa\u00e7o de debate, fiscaliza\u00e7\u00e3o e representa\u00e7\u00e3o dos interesses da sociedade, \u00e9 tratado por muitos como um trampolim para cargos mais &#8220;poderosos&#8221; no executivo. Essa vis\u00e3o distorcida enfraquece o Legislativo e compromete sua capacidade de exercer seu papel fundamental na democracia.<\/p>\n\n\n\n<p class=\"has-medium-font-size\">O retorno ao parlamento para buscar a reelei\u00e7\u00e3o, ap\u00f3s ocupar cargo no executivo, muitas vezes revela um oportunismo calculado. O pol\u00edtico, ap\u00f3s usufruir do poder e da visibilidade de um cargo no poder executivo, busca se &#8220;reciclar&#8221; no parlamento, utilizando a estrutura e os recursos da campanha eleitoral para tentar se reeleger para um mandato que abandonou. Essa estrat\u00e9gia, baseada na esperan\u00e7a de que o eleitor tenha &#8220;esquecido&#8221; ou &#8220;perdoado&#8221; o abandono anterior, demonstra uma preocupa\u00e7\u00e3o maior com a carreira pol\u00edtica do que com o compromisso com os eleitores.<\/p>\n\n\n\n<p class=\"has-medium-font-size\">A confian\u00e7a na mem\u00f3ria curta do eleitor e a f\u00e9 na impunidade, s\u00e3o os principais combust\u00edveis para essa pr\u00e1tica. A legisla\u00e7\u00e3o brasileira n\u00e3o prev\u00ea san\u00e7\u00f5es claras e eficazes para pol\u00edticos que abandonam seus mandatos para assumir cargos no executivo e depois retornam ao parlamento. Essa falta de puni\u00e7\u00e3o cria um incentivo perverso, onde a troca de mandatos por cargos se torna uma pr\u00e1tica comum e aceit\u00e1vel, mesmo que imoral e anti\u00e9tica.<\/p>\n\n\n\n<p class=\"has-medium-font-size\">A situa\u00e7\u00e3o exige uma urgente reforma pol\u00edtica que estabele\u00e7a regras mais claras e rigorosas para a troca de mandatos. \u00c9 preciso criar mecanismos que incentivem o cumprimento integral dos mandatos conquistados nas urnas e que punam aqueles que, por ambi\u00e7\u00e3o ou conveni\u00eancia, abandonam seus eleitores. A reforma pol\u00edtica \u00e9 fundamental para resgatar a credibilidade da classe pol\u00edtica e para fortalecer a democracia brasileira. Mas, cad\u00ea a disposi\u00e7\u00e3o pol\u00edtica de fazer e de cortar na pr\u00f3pria carne. Nos lembra o bord\u00e3o do Justo Ver\u00edssimo \u2013 o povo que se exploda.<\/p>\n\n\n\n<p class=\"has-medium-font-size\">Em resumo, a troca de mandatos por cargos no executivo e o posterior retorno ao parlamento para pedir votos para reelei\u00e7\u00e3o, \u00e9 uma pr\u00e1tica que desrespeita o eleitor, desvaloriza o mandato legislativo e revela um oportunismo calculado. A falta de puni\u00e7\u00e3o e a aus\u00eancia de uma reforma pol\u00edtica que discipline essa pr\u00e1tica contribuem para a perpetua\u00e7\u00e3o desse ciclo vicioso, que mina a confian\u00e7a da popula\u00e7\u00e3o na pol\u00edtica e compromete a qualidade da nossa democracia.<\/p>\n\n\n\n<p><\/p>\n","protected":false},"excerpt":{"rendered":"<p>A cena se repete a cada elei\u00e7\u00e3o. Pol\u00edticos eleitos pelo voto popular para o poder legislativo, leiloam e abandonam seus mandatos em busca de cargos no poder executivo, seja em prefeituras, governos estaduais ou minist\u00e9rios do governo federal. Da\u00ed, quando a pr\u00f3xima elei\u00e7\u00e3o se avizinha, esses pol\u00edticos retornam para suas cadeiras no parlamento, como se [&hellip;]<\/p>\n","protected":false},"author":2,"featured_media":1449,"comment_status":"open","ping_status":"open","sticky":false,"template":"","format":"standard","meta":{"om_disable_all_campaigns":false,"_monsterinsights_skip_tracking":false,"_monsterinsights_sitenote_active":false,"_monsterinsights_sitenote_note":"","_monsterinsights_sitenote_category":0,"footnotes":""},"categories":[44],"tags":[],"class_list":["post-1618","post","type-post","status-publish","format-standard","has-post-thumbnail","hentry","category-politica"],"aioseo_notices":[],"_links":{"self":[{"href":"https:\/\/clubedabaladeira.com.br\/index.php\/wp-json\/wp\/v2\/posts\/1618","targetHints":{"allow":["GET"]}}],"collection":[{"href":"https:\/\/clubedabaladeira.com.br\/index.php\/wp-json\/wp\/v2\/posts"}],"about":[{"href":"https:\/\/clubedabaladeira.com.br\/index.php\/wp-json\/wp\/v2\/types\/post"}],"author":[{"embeddable":true,"href":"https:\/\/clubedabaladeira.com.br\/index.php\/wp-json\/wp\/v2\/users\/2"}],"replies":[{"embeddable":true,"href":"https:\/\/clubedabaladeira.com.br\/index.php\/wp-json\/wp\/v2\/comments?post=1618"}],"version-history":[{"count":8,"href":"https:\/\/clubedabaladeira.com.br\/index.php\/wp-json\/wp\/v2\/posts\/1618\/revisions"}],"predecessor-version":[{"id":1669,"href":"https:\/\/clubedabaladeira.com.br\/index.php\/wp-json\/wp\/v2\/posts\/1618\/revisions\/1669"}],"wp:featuredmedia":[{"embeddable":true,"href":"https:\/\/clubedabaladeira.com.br\/index.php\/wp-json\/wp\/v2\/media\/1449"}],"wp:attachment":[{"href":"https:\/\/clubedabaladeira.com.br\/index.php\/wp-json\/wp\/v2\/media?parent=1618"}],"wp:term":[{"taxonomy":"category","embeddable":true,"href":"https:\/\/clubedabaladeira.com.br\/index.php\/wp-json\/wp\/v2\/categories?post=1618"},{"taxonomy":"post_tag","embeddable":true,"href":"https:\/\/clubedabaladeira.com.br\/index.php\/wp-json\/wp\/v2\/tags?post=1618"}],"curies":[{"name":"wp","href":"https:\/\/api.w.org\/{rel}","templated":true}]}}