{"id":1603,"date":"2025-06-20T19:20:52","date_gmt":"2025-06-20T22:20:52","guid":{"rendered":"https:\/\/clubedabaladeira.com.br\/?p=1603"},"modified":"2025-06-21T16:54:09","modified_gmt":"2025-06-21T19:54:09","slug":"e-imperativo-limitar-mandatos-para-renovar-e-oxigenar-a-democracia","status":"publish","type":"post","link":"https:\/\/clubedabaladeira.com.br\/index.php\/2025\/06\/20\/e-imperativo-limitar-mandatos-para-renovar-e-oxigenar-a-democracia\/","title":{"rendered":"MANDATOS &#8211; Limitar para renovar e oxigenar a democracia."},"content":{"rendered":"\n<p class=\"has-medium-font-size\">A sa\u00fade de qualquer democracia depende da sua capacidade de renova\u00e7\u00e3o e oxigena\u00e7\u00e3o. No entanto, observamos com frequ\u00eancia a perpetua\u00e7\u00e3o de nomes nos cargos legislativos \u2013 vereadores, deputados estaduais, federais e senadores \u2013 transformando o que deveria ser uma representa\u00e7\u00e3o din\u00e2mica em uma esp\u00e9cie de carreira vital\u00edcia. Essa estagna\u00e7\u00e3o, longe de fortalecer as institui\u00e7\u00f5es, enfraquece a pr\u00f3pria ess\u00eancia da representatividade, tolhendo a emerg\u00eancia de novas ideias, novas lideran\u00e7as, perspectivas e, fundamentalmente, a proximidade com as demandas em constante muta\u00e7\u00e3o da sociedade.<\/p>\n\n\n\n<p class=\"has-medium-font-size\">Diante desse cen\u00e1rio, a tese de limitar os mandatos a um m\u00e1ximo de dois per\u00edodos, consecutivos ou n\u00e3o, para todos os cargos eletivos do legislativo, de vereador a senador, surge n\u00e3o apenas como uma proposta, mas como um <strong>imperativo<\/strong> para a vitalidade democr\u00e1tica. A ideia por tr\u00e1s dessa limita\u00e7\u00e3o \u00e9 clara e poderosa: evitar a profissionaliza\u00e7\u00e3o excessiva da pol\u00edtica, combater a cristaliza\u00e7\u00e3o de interesses e incentivar uma troca constante de representantes que reflitam de forma mais aut\u00eantica a diversidade e os anseios do povo.<\/p>\n\n\n\n<p class=\"has-medium-font-size\">Permitir que pol\u00edticos se aferrem a cadeiras por d\u00e9cadas cria uma casta pol\u00edtica que, muitas vezes, se distancia da realidade de seus eleitores. A longa perman\u00eancia pode gerar v\u00edcios, abrir portas para o fisiologismo e, n\u00e3o raro, levar \u00e0 perda da paix\u00e3o e do prop\u00f3sito que deveriam nortear a vida p\u00fablica. Quando um mandato se torna uma garantia de subsist\u00eancia, e n\u00e3o um per\u00edodo de servi\u00e7o intenso e concentrado, o foco do representante pode se desviar da <strong>comunidade<\/strong> para a exclusiva vontade de se manter apegado ao <strong>poder<\/strong>, custe o que custar.<\/p>\n\n\n\n<p class=\"has-medium-font-size\">A limita\u00e7\u00e3o a dois mandatos for\u00e7aria os pol\u00edticos a entregarem resultados concretos e a manterem uma conex\u00e3o genu\u00edna com suas bases eleitorais. Eles saberiam que seu tempo \u00e9 finito e que a real medida de seu sucesso seria o impacto de suas a\u00e7\u00f5es, e n\u00e3o a habilidade de se reeleger indefinidamente. Essa medida incentivaria a forma\u00e7\u00e3o de novas lideran\u00e7as, abriria espa\u00e7o para a participa\u00e7\u00e3o de diferentes setores da sociedade e garantiria que o parlamento fosse um reflexo mais fiel das aspira\u00e7\u00f5es e desafios de cada \u00e9poca. Lamentavelmente, n\u00e3o se v\u00ea hoje na classe pol\u00edtica e no Congresso Nacional, qualquer mobiliza\u00e7\u00e3o nesse sentido.<\/p>\n\n\n\n<p><\/p>\n","protected":false},"excerpt":{"rendered":"<p>A sa\u00fade de qualquer democracia depende da sua capacidade de renova\u00e7\u00e3o e oxigena\u00e7\u00e3o. No entanto, observamos com frequ\u00eancia a perpetua\u00e7\u00e3o de nomes nos cargos legislativos \u2013 vereadores, deputados estaduais, federais e senadores \u2013 transformando o que deveria ser uma representa\u00e7\u00e3o din\u00e2mica em uma esp\u00e9cie de carreira vital\u00edcia. Essa estagna\u00e7\u00e3o, longe de fortalecer as institui\u00e7\u00f5es, enfraquece [&hellip;]<\/p>\n","protected":false},"author":2,"featured_media":1449,"comment_status":"open","ping_status":"open","sticky":false,"template":"","format":"standard","meta":{"om_disable_all_campaigns":false,"_monsterinsights_skip_tracking":false,"_monsterinsights_sitenote_active":false,"_monsterinsights_sitenote_note":"","_monsterinsights_sitenote_category":0,"footnotes":""},"categories":[44],"tags":[],"class_list":["post-1603","post","type-post","status-publish","format-standard","has-post-thumbnail","hentry","category-politica"],"aioseo_notices":[],"_links":{"self":[{"href":"https:\/\/clubedabaladeira.com.br\/index.php\/wp-json\/wp\/v2\/posts\/1603","targetHints":{"allow":["GET"]}}],"collection":[{"href":"https:\/\/clubedabaladeira.com.br\/index.php\/wp-json\/wp\/v2\/posts"}],"about":[{"href":"https:\/\/clubedabaladeira.com.br\/index.php\/wp-json\/wp\/v2\/types\/post"}],"author":[{"embeddable":true,"href":"https:\/\/clubedabaladeira.com.br\/index.php\/wp-json\/wp\/v2\/users\/2"}],"replies":[{"embeddable":true,"href":"https:\/\/clubedabaladeira.com.br\/index.php\/wp-json\/wp\/v2\/comments?post=1603"}],"version-history":[{"count":8,"href":"https:\/\/clubedabaladeira.com.br\/index.php\/wp-json\/wp\/v2\/posts\/1603\/revisions"}],"predecessor-version":[{"id":1671,"href":"https:\/\/clubedabaladeira.com.br\/index.php\/wp-json\/wp\/v2\/posts\/1603\/revisions\/1671"}],"wp:featuredmedia":[{"embeddable":true,"href":"https:\/\/clubedabaladeira.com.br\/index.php\/wp-json\/wp\/v2\/media\/1449"}],"wp:attachment":[{"href":"https:\/\/clubedabaladeira.com.br\/index.php\/wp-json\/wp\/v2\/media?parent=1603"}],"wp:term":[{"taxonomy":"category","embeddable":true,"href":"https:\/\/clubedabaladeira.com.br\/index.php\/wp-json\/wp\/v2\/categories?post=1603"},{"taxonomy":"post_tag","embeddable":true,"href":"https:\/\/clubedabaladeira.com.br\/index.php\/wp-json\/wp\/v2\/tags?post=1603"}],"curies":[{"name":"wp","href":"https:\/\/api.w.org\/{rel}","templated":true}]}}