{"id":1570,"date":"2024-11-23T13:06:53","date_gmt":"2024-11-23T16:06:53","guid":{"rendered":"https:\/\/clubedabaladeira.com.br\/?p=1570"},"modified":"2024-11-23T13:11:00","modified_gmt":"2024-11-23T16:11:00","slug":"vereadores-ate-cinismo-e-oportunismo-tem-seus-limites","status":"publish","type":"post","link":"https:\/\/clubedabaladeira.com.br\/index.php\/2024\/11\/23\/vereadores-ate-cinismo-e-oportunismo-tem-seus-limites\/","title":{"rendered":"VEREADORES &#8211; at\u00e9 cinismo e oportunismo tem seus limites&#8230;"},"content":{"rendered":"\n<p class=\"has-medium-font-size\">Estamos prestes a assistir uma das decis\u00f5es mais c\u00ednicas e oportunistas da Camara Municipal de Manaus. Esperamos ter ainda tempo para conter essa ofensiva e impedir mais esse assalto aos nossos bolsos de contribuintes. \u00c9 uma CONTA A PAGAR que n\u00e3o podemos em hip\u00f3tese alguma aceitar.<\/p>\n\n\n\n<p class=\"has-medium-font-size\">Pasmem, est\u00e1 para vota\u00e7\u00e3o na CMM, salvo engano em regime de urg\u00eancia, projeto concedendo plano de sa\u00fade para ex-vereadores de Manaus e familiares. \u00c9 de causar indigna\u00e7\u00e3o e n\u00e1useas. Embrulha o est\u00f4mago de qualquer mortal. Vereadores, olhando para os pr\u00f3prios umbigos, j\u00e1 projetam o futuro de modo a garantir que, depois de expurgados do parlamento, mantenham um plano de sa\u00fade em benef\u00edcio pr\u00f3prio e da fam\u00edlia pelo resto da vida, imputando essa conta aos bolsos do cidad\u00e3o que, em maioria, acorda de madrugada para enfrentar uma fila e conseguir uma consulta para ser atendido m\u00eas ou meses depois. <\/p>\n\n\n\n<p class=\"has-medium-font-size\">Os vereadores adeptos dessa proposi\u00e7\u00e3o est\u00fapida perderam a vergonha e cinicamente resolveram assaltar os nossos bolsos pelo resto da vida e brincar com a intelig\u00eancia do cidad\u00e3o com essa coisa indecente, imoral de &#8220;plano de sa\u00fade para ex-vereadores&#8221;. E hora de reagir &#8211; at\u00e9 cinismo e oportunismo tem os seus limites de aceita\u00e7\u00e3o. <\/p>\n\n\n\n<p class=\"has-medium-font-size\">A sociedade amazonense precisa despertar e atentar para essas imoralidades do parlamento. \u00c9 por conta dessas imoralidades, como esse plano de sa\u00fade para vereadores, que muitos politicos insanos hoje se matam, se esfolam, se ofendem e se agridem f\u00edsica e moralmente, e at\u00e9 vendem a pr\u00f3pria sombra e a alma para ter a chance de um mandato cheio de mordomias e agora querem assegurar privil\u00e9gios para depois de descartados pelo povo  por n\u00e3o atenderem mais as expectativas. Porra, ningu\u00e9m coloca a faca no pesco\u00e7o de ningu\u00e9m para ser governador, vereador, deputado ou senador. Quem se disp\u00f5e a disputar e ocupar uma fun\u00e7\u00e3o p\u00fablica tempor\u00e1ria, falei TEMPOR\u00c1RIA, sabe que isso n\u00e3o \u00e9 PROFISS\u00c3O ou EMPREGO, repito, \u00e9 apenas um FUN\u00c7\u00c3O P\u00daBLICA TEMPOR\u00c1RIA.<\/p>\n\n\n\n<p class=\"has-medium-font-size\">Sem querer generalizar, est\u00e1 faltando VERGONHA e DEC\u00caNCIA para a nossa classe politica. Para aquilo que precisa de fato ser urgentemente moralizado, eles se omitem, se acovardam de discutir publicamente. Do jeito que est\u00e1 atende os interesses do pr\u00f3prio umbigo da maioria da classe politica e n\u00e3o o interesse da maioria da sociedade. <\/p>\n\n\n\n<p class=\"has-medium-font-size\">Nenhum POL\u00cdTICO deveria ocupar uma fun\u00e7\u00e3o p\u00fablica de governador, senador, deputado e vereador por mais de 2 mandados. Vereador eleito, por  exemplo, deveria ter direito a apenas uma reelei\u00e7\u00e3o sequencial ou n\u00e3o. Depois disso, paci\u00eancia, que aguarde a pr\u00f3xima encarna\u00e7\u00e3o. O mesmo entendimento para as outras fun\u00e7\u00f5es p\u00fablicas mencionadas. Essa seria a forma digna, justa e honesta at\u00e9 de promover a renova\u00e7\u00e3o e a oxigena\u00e7\u00e3o do parlamento. Mas, obviamente, isso n\u00e3o interessa a uma classe que n\u00e3o ousa cortar na pr\u00f3pria pele e ningu\u00e9m de dentro ousa trabalhar contra ideias que incomodam os demais parceiros. Com essa classe pol\u00edtica, decididamente nada tem sido pelo povo e para o povo. Como dizia JUSTO VER\u00cdSSIMO &#8211; o povo que se exploda.<\/p>\n\n\n\n<p class=\"has-medium-font-size\">NUNCA \u00c9 TARDE para reagir. Se voc\u00ea est\u00e1 de acordo ou n\u00e3o, comenta, reage. Fa\u00e7a a sua parte. <\/p>\n\n\n\n<p><\/p>\n","protected":false},"excerpt":{"rendered":"<p>Estamos prestes a assistir uma das decis\u00f5es mais c\u00ednicas e oportunistas da Camara Municipal de Manaus. Esperamos ter ainda tempo para conter essa ofensiva e impedir mais esse assalto aos nossos bolsos de contribuintes. \u00c9 uma CONTA A PAGAR que n\u00e3o podemos em hip\u00f3tese alguma aceitar. Pasmem, est\u00e1 para vota\u00e7\u00e3o na CMM, salvo engano em [&hellip;]<\/p>\n","protected":false},"author":2,"featured_media":1452,"comment_status":"open","ping_status":"open","sticky":false,"template":"","format":"standard","meta":{"om_disable_all_campaigns":false,"_monsterinsights_skip_tracking":false,"_monsterinsights_sitenote_active":false,"_monsterinsights_sitenote_note":"","_monsterinsights_sitenote_category":0,"footnotes":""},"categories":[44,1],"tags":[],"class_list":["post-1570","post","type-post","status-publish","format-standard","has-post-thumbnail","hentry","category-politica","category-sem-categoria"],"aioseo_notices":[],"_links":{"self":[{"href":"https:\/\/clubedabaladeira.com.br\/index.php\/wp-json\/wp\/v2\/posts\/1570","targetHints":{"allow":["GET"]}}],"collection":[{"href":"https:\/\/clubedabaladeira.com.br\/index.php\/wp-json\/wp\/v2\/posts"}],"about":[{"href":"https:\/\/clubedabaladeira.com.br\/index.php\/wp-json\/wp\/v2\/types\/post"}],"author":[{"embeddable":true,"href":"https:\/\/clubedabaladeira.com.br\/index.php\/wp-json\/wp\/v2\/users\/2"}],"replies":[{"embeddable":true,"href":"https:\/\/clubedabaladeira.com.br\/index.php\/wp-json\/wp\/v2\/comments?post=1570"}],"version-history":[{"count":3,"href":"https:\/\/clubedabaladeira.com.br\/index.php\/wp-json\/wp\/v2\/posts\/1570\/revisions"}],"predecessor-version":[{"id":1573,"href":"https:\/\/clubedabaladeira.com.br\/index.php\/wp-json\/wp\/v2\/posts\/1570\/revisions\/1573"}],"wp:featuredmedia":[{"embeddable":true,"href":"https:\/\/clubedabaladeira.com.br\/index.php\/wp-json\/wp\/v2\/media\/1452"}],"wp:attachment":[{"href":"https:\/\/clubedabaladeira.com.br\/index.php\/wp-json\/wp\/v2\/media?parent=1570"}],"wp:term":[{"taxonomy":"category","embeddable":true,"href":"https:\/\/clubedabaladeira.com.br\/index.php\/wp-json\/wp\/v2\/categories?post=1570"},{"taxonomy":"post_tag","embeddable":true,"href":"https:\/\/clubedabaladeira.com.br\/index.php\/wp-json\/wp\/v2\/tags?post=1570"}],"curies":[{"name":"wp","href":"https:\/\/api.w.org\/{rel}","templated":true}]}}