{"id":1565,"date":"2024-11-16T13:43:29","date_gmt":"2024-11-16T16:43:29","guid":{"rendered":"https:\/\/clubedabaladeira.com.br\/?p=1565"},"modified":"2024-11-16T13:48:18","modified_gmt":"2024-11-16T16:48:18","slug":"cmm-vereadores-de-manaus-causam-indignacao","status":"publish","type":"post","link":"https:\/\/clubedabaladeira.com.br\/index.php\/2024\/11\/16\/cmm-vereadores-de-manaus-causam-indignacao\/","title":{"rendered":"CMM &#8211; VEREADORES de Manaus causam indigna\u00e7\u00e3o&#8230;"},"content":{"rendered":"\n<p class=\"has-medium-font-size\">Esses dias a comunidade amazonense foi brindada com mais uma not\u00edcia depreciativa para a CMM, por conta da conduta de vereadores faltosos que simplesmente causaram mais um cancelamento de sess\u00e3o por falta de quorum. <\/p>\n\n\n\n<p class=\"has-medium-font-size\">Na realidade n\u00e3o \u00e9 nenhuma novidade, mas, causa indigna\u00e7\u00e3o principalmente para o cidad\u00e3o que tem consci\u00eancia do quanto custa manter e bancar por 4 anos, 41 vereadores com seus privil\u00e9gios e centenas de assessores que n\u00e3o cabem dentro dos gabinetes.&nbsp;E, pasmem, ainda querem aumentar esse n\u00famero, ou seja, querem meter a m\u00e3o nos nossos bolsos e aumentar o n\u00famero de parceiros no parlamento, sem que isso represente quaisquer perspectivas de resgate da confian\u00e7a e credibilidade da CMM junto \u00e0 comunidade amazonense. Quer saber o que a comunidade pensa dos pol\u00edticos, com ou sem mandato, basta fazer uma viagem pelas redes sociais e assistir os jornais de TV.<\/p>\n\n\n\n<p class=\"has-medium-font-size\">As\u00a0reuni\u00f5es plen\u00e1rias \u00e9 o que existe de mais sagrado no parlamento. \u00c9 nelas que devem estar presentes todos os vereadores para discuss\u00e3o dos interesses da sociedade amazonense e n\u00e3o dos interesses dos respectivos umbigos. Apesar, obviamente, que muita dessas sess\u00f5es n\u00e3o resultam em nada, por conta de discuss\u00f5es p\u00edfias e brigas vergonhosas entre vereadores que julgam ainda estarem na hora da merenda da escola prim\u00e1ria, e tudo isso sem nenhuma provid\u00eancia por conta\u00a0da Comiss\u00e3o de \u00c9tica, que deveria zelar pela boa conduta do vereador, dentro e fora da CMM, enquanto for detentor do mandato recebido. Preferem se fazerem de lesos e se protegerem. Se n\u00e3o houver press\u00e3o da sociedade, fica como est\u00e1, do jeitinho que a maioria mais gosta. Que nos provem o contr\u00e1rio, se \u00e9 que conseguem?<\/p>\n\n\n\n<p class=\"has-medium-font-size\">\u00c9 lament\u00e1vel! Mais lament\u00e1vel ainda o fato da maioria dos vereadores, por omiss\u00e3o expl\u00edcita ou medo de encarar os vereadores faltosos, acabam silenciando covardemente, confiantes de que o tempo se encarregar\u00e1 de empurrar para debaixo do tapete mais esse esc\u00e2ndalo. \u00c9 a eterna confian\u00e7a de que o povo tem mem\u00f3ria curta.Enquanto o trabalhador d\u00e1 um duro danado para&nbsp; manter o emprego. Mesmo comprovando a aus\u00eancia com atestado m\u00e9dico, o trabalhador sabe que ainda assim corre o risco de ser descartado no momento seguinte, Em contrapartida, os vereadores que se ausentam da sess\u00e3o sagrada da CMM, com uma simples frase do tipo &#8220;ausente por motivo de for\u00e7a maior&#8221; resolve o problema e o cidad\u00e3o que trate de trabalhar para pagar o dia dos faltosos. Se parece normal e legal para a maioria dos&nbsp;vereadores, \u00e9 estupidamente imoral para a sociedade.&nbsp;&nbsp;<\/p>\n","protected":false},"excerpt":{"rendered":"<p>Esses dias a comunidade amazonense foi brindada com mais uma not\u00edcia depreciativa para a CMM, por conta da conduta de vereadores faltosos que simplesmente causaram mais um cancelamento de sess\u00e3o por falta de quorum. Na realidade n\u00e3o \u00e9 nenhuma novidade, mas, causa indigna\u00e7\u00e3o principalmente para o cidad\u00e3o que tem consci\u00eancia do quanto custa manter e [&hellip;]<\/p>\n","protected":false},"author":2,"featured_media":1452,"comment_status":"open","ping_status":"open","sticky":false,"template":"","format":"standard","meta":{"om_disable_all_campaigns":false,"_monsterinsights_skip_tracking":false,"_monsterinsights_sitenote_active":false,"_monsterinsights_sitenote_note":"","_monsterinsights_sitenote_category":0,"footnotes":""},"categories":[44],"tags":[],"class_list":["post-1565","post","type-post","status-publish","format-standard","has-post-thumbnail","hentry","category-politica"],"aioseo_notices":[],"_links":{"self":[{"href":"https:\/\/clubedabaladeira.com.br\/index.php\/wp-json\/wp\/v2\/posts\/1565","targetHints":{"allow":["GET"]}}],"collection":[{"href":"https:\/\/clubedabaladeira.com.br\/index.php\/wp-json\/wp\/v2\/posts"}],"about":[{"href":"https:\/\/clubedabaladeira.com.br\/index.php\/wp-json\/wp\/v2\/types\/post"}],"author":[{"embeddable":true,"href":"https:\/\/clubedabaladeira.com.br\/index.php\/wp-json\/wp\/v2\/users\/2"}],"replies":[{"embeddable":true,"href":"https:\/\/clubedabaladeira.com.br\/index.php\/wp-json\/wp\/v2\/comments?post=1565"}],"version-history":[{"count":4,"href":"https:\/\/clubedabaladeira.com.br\/index.php\/wp-json\/wp\/v2\/posts\/1565\/revisions"}],"predecessor-version":[{"id":1569,"href":"https:\/\/clubedabaladeira.com.br\/index.php\/wp-json\/wp\/v2\/posts\/1565\/revisions\/1569"}],"wp:featuredmedia":[{"embeddable":true,"href":"https:\/\/clubedabaladeira.com.br\/index.php\/wp-json\/wp\/v2\/media\/1452"}],"wp:attachment":[{"href":"https:\/\/clubedabaladeira.com.br\/index.php\/wp-json\/wp\/v2\/media?parent=1565"}],"wp:term":[{"taxonomy":"category","embeddable":true,"href":"https:\/\/clubedabaladeira.com.br\/index.php\/wp-json\/wp\/v2\/categories?post=1565"},{"taxonomy":"post_tag","embeddable":true,"href":"https:\/\/clubedabaladeira.com.br\/index.php\/wp-json\/wp\/v2\/tags?post=1565"}],"curies":[{"name":"wp","href":"https:\/\/api.w.org\/{rel}","templated":true}]}}