{"id":1544,"date":"2024-05-25T16:27:05","date_gmt":"2024-05-25T19:27:05","guid":{"rendered":"https:\/\/clubedabaladeira.com.br\/?p=1544"},"modified":"2024-05-25T16:34:23","modified_gmt":"2024-05-25T19:34:23","slug":"antes-arthurrotta-e-agora-davidrotta","status":"publish","type":"post","link":"https:\/\/clubedabaladeira.com.br\/index.php\/2024\/05\/25\/antes-arthurrotta-e-agora-davidrotta\/","title":{"rendered":"Antes ARTHUR&amp;ROTTA e agora DAVID&amp;ROTTA"},"content":{"rendered":"\n<p class=\"has-medium-font-size\">Esse bueiro na Rua Manaus 2.000, nas proximidades do Studio 5, j\u00e1 se chamou Buraco do Arthur&amp;Rotta por 8 anos. Esquecido, abandonado, ele ganhou nova paternidade e passou a se chamar Buraco do David&amp;Rotta. J\u00e1 se v\u00e3o 4 anos dessa atual gest\u00e3o municipal e o bueiro continua l\u00e1 a espera de uma tampa. E olha que o vice-prefeito da cidade \u00e9 o mesmo, e parte dos fiscais do povo, chamados de vereadores, tamb\u00e9m s\u00e3o os mesmos de legislaturas passadas.<\/p>\n\n\n<div class=\"wp-block-image is-style-rounded\">\n<figure class=\"alignleft size-thumbnail\"><img loading=\"lazy\" decoding=\"async\" width=\"150\" height=\"150\" src=\"https:\/\/clubedabaladeira.com.br\/wp-content\/uploads\/2022\/10\/BUEIRO-150x150.jpeg\" alt=\"\" class=\"wp-image-1335\" srcset=\"https:\/\/clubedabaladeira.com.br\/wp-content\/uploads\/2022\/10\/BUEIRO-150x150.jpeg 150w, https:\/\/clubedabaladeira.com.br\/wp-content\/uploads\/2022\/10\/BUEIRO-75x75.jpeg 75w, https:\/\/clubedabaladeira.com.br\/wp-content\/uploads\/2022\/10\/BUEIRO-350x350.jpeg 350w\" sizes=\"auto, (max-width: 150px) 100vw, 150px\" \/><\/figure>\n<\/div>\n\n\n<p class=\"has-medium-font-size\">Estamos falando apenas de um entre centenas de bueiros a espera de uma tampa na cidade de Manaus. Muitos desses bueiros com certeza est\u00e3o a espera de uma tampa at\u00e9 por muita mais tempo. E n\u00e3o adianta perguntar de quem \u00e9 o responsabilidade pela reposi\u00e7\u00e3o dessas tampas, pois, as explica\u00e7\u00f5es s\u00e3o sempre um atentado \u00e0 nossa intelig\u00eancia.<\/p>\n\n\n\n<p class=\"has-medium-font-size\">Sem as tampas, criminosamente roubadas, esses bueiros se transformam em verdadeiras armadilhas para motoristas e principalmente para os motociclistas. Dependendo da localiza\u00e7\u00e3o, s\u00e3o pontos prop\u00edcios a acidentes que podem terminar em acidentes de todas as naturezas. Um motorista de carro pode ter o preju\u00edzo material de uma suspens\u00e3o do seu carro danificada, mas, pode tamb\u00e9m perder a dire\u00e7\u00e3o do carro e causar acidentes de propor\u00e7\u00f5es mais graves. Para um motoqueiro, pode resultar na barriga ou a bunda ralada no asfalto, uma perna ou bra\u00e7o quebrado, sequelas irrecuper\u00e1veis e at\u00e9 a morte. <\/p>\n\n\n\n<p class=\"has-medium-font-size\">Como explica\u00e7\u00e3o para essa situa\u00e7\u00e3o somos obrigados a ouvir de tudo. Somos tratados como se fossemos todos um bando de bobos ou idiotas. Como j\u00e1 dito, brincam com a nossa intelig\u00eancia. Os politicos argumentam que j\u00e1 apresentaram requerimento pedindo a reposi\u00e7\u00e3o das tampas pelos respons\u00e1veis. Alguns deles enchem o peito para falar que j\u00e1 pediram inclusive a interven\u00e7\u00e3o do Minist\u00e9rio P\u00fablico. Pelo lado do MP, j\u00e1 ouvimos falar de Termo de Ajuste de Conduta que, pelo que temos visto, at\u00e9 prova em contr\u00e1rio, n\u00e3o ajustou nada ou quase nada.<\/p>\n\n\n\n<p class=\"has-medium-font-size\">Os pol\u00edticos fazem de conta que j\u00e1 fizeram ou que est\u00e3o fazendo a sua parte. A Prefeitura faz de conta que est\u00e1 agindo e tomando as provid\u00eancias. O Minist\u00e9rio P\u00fablico faz de conta de que cobra, exige e acompanha a solu\u00e7\u00e3o desse problema cr\u00f4nico da cidade que atenta contra a seguran\u00e7a e a vida de motoristas e motociclistas. Se n\u00e3o \u00e9 essa a realidade, que nos provem o contr\u00e1rio. Como explicar um bueiro 12 anos sem tampa, como \u00e9 o caso do bueiro batizado de Buraco do David&amp;Rotta e que j\u00e1 foi o buraco do Arthur&amp;Rotta.<\/p>\n\n\n\n<p class=\"has-medium-font-size\">Para nos causar indigna\u00e7\u00e3o maior, tivemos a not\u00edcia de que cada tampa de reposi\u00e7\u00e3o para os bueiros, por meio de licita\u00e7\u00e3o da Prefeitura, custar\u00e1 por volta de 15 mil reais. No total essa conta vai al\u00e9m dos 50 milh\u00f5es para os nossos bolsos, obviamente. Da\u00ed a pergunta: &#8211; em que p\u00e9 est\u00e1 esse assunto? O \u00fanico penalizada nessa quest\u00e3o dos bueiros sem tampa \u00e9 o povo, sempre o povo. N\u00e3o tem um \u00fanico ladr\u00e3o de tampa de bueiro ou receptor desse roubo, preso, condenado e pagando pena pelo crime. A impunidade reina e estimula esse tipo de crime. Ladr\u00e3o de tampa de bueiro \u00e9 um criminoso, ele atenta contra seguran\u00e7a de quem dirige e n\u00e3o recebe o tratamento que merece &#8211; <strong>TOLER\u00c2NCIA ZERO!<\/strong><\/p>\n\n\n\n<p class=\"has-medium-font-size\">Finalizando, se pedirmos que as nossas autoridades, de todos os poderes, que levem a s\u00e9rio esse assunto, ser\u00e1 que \u00e9 pedir muito? <\/p>\n","protected":false},"excerpt":{"rendered":"<p>Esse bueiro na Rua Manaus 2.000, nas proximidades do Studio 5, j\u00e1 se chamou Buraco do Arthur&amp;Rotta por 8 anos. Esquecido, abandonado, ele ganhou nova paternidade e passou a se chamar Buraco do David&amp;Rotta. J\u00e1 se v\u00e3o 4 anos dessa atual gest\u00e3o municipal e o bueiro continua l\u00e1 a espera de uma tampa. E olha [&hellip;]<\/p>\n","protected":false},"author":2,"featured_media":1545,"comment_status":"open","ping_status":"open","sticky":false,"template":"","format":"standard","meta":{"om_disable_all_campaigns":false,"_monsterinsights_skip_tracking":false,"_monsterinsights_sitenote_active":false,"_monsterinsights_sitenote_note":"","_monsterinsights_sitenote_category":0,"footnotes":""},"categories":[43],"tags":[],"class_list":["post-1544","post","type-post","status-publish","format-standard","has-post-thumbnail","hentry","category-manaus"],"aioseo_notices":[],"_links":{"self":[{"href":"https:\/\/clubedabaladeira.com.br\/index.php\/wp-json\/wp\/v2\/posts\/1544","targetHints":{"allow":["GET"]}}],"collection":[{"href":"https:\/\/clubedabaladeira.com.br\/index.php\/wp-json\/wp\/v2\/posts"}],"about":[{"href":"https:\/\/clubedabaladeira.com.br\/index.php\/wp-json\/wp\/v2\/types\/post"}],"author":[{"embeddable":true,"href":"https:\/\/clubedabaladeira.com.br\/index.php\/wp-json\/wp\/v2\/users\/2"}],"replies":[{"embeddable":true,"href":"https:\/\/clubedabaladeira.com.br\/index.php\/wp-json\/wp\/v2\/comments?post=1544"}],"version-history":[{"count":3,"href":"https:\/\/clubedabaladeira.com.br\/index.php\/wp-json\/wp\/v2\/posts\/1544\/revisions"}],"predecessor-version":[{"id":1548,"href":"https:\/\/clubedabaladeira.com.br\/index.php\/wp-json\/wp\/v2\/posts\/1544\/revisions\/1548"}],"wp:featuredmedia":[{"embeddable":true,"href":"https:\/\/clubedabaladeira.com.br\/index.php\/wp-json\/wp\/v2\/media\/1545"}],"wp:attachment":[{"href":"https:\/\/clubedabaladeira.com.br\/index.php\/wp-json\/wp\/v2\/media?parent=1544"}],"wp:term":[{"taxonomy":"category","embeddable":true,"href":"https:\/\/clubedabaladeira.com.br\/index.php\/wp-json\/wp\/v2\/categories?post=1544"},{"taxonomy":"post_tag","embeddable":true,"href":"https:\/\/clubedabaladeira.com.br\/index.php\/wp-json\/wp\/v2\/tags?post=1544"}],"curies":[{"name":"wp","href":"https:\/\/api.w.org\/{rel}","templated":true}]}}