{"id":1536,"date":"2024-04-20T19:56:30","date_gmt":"2024-04-20T22:56:30","guid":{"rendered":"https:\/\/clubedabaladeira.com.br\/?p=1536"},"modified":"2024-04-20T20:00:55","modified_gmt":"2024-04-20T23:00:55","slug":"lixo-material-lixo-politico","status":"publish","type":"post","link":"https:\/\/clubedabaladeira.com.br\/index.php\/2024\/04\/20\/lixo-material-lixo-politico\/","title":{"rendered":"LIXO MATERIAL &amp; LIXO POL\u00cdTICO"},"content":{"rendered":"\n<p class=\"has-medium-font-size\">Uma a\u00e7\u00e3o pontual de retirada de lixo de um igarap\u00e9 por parte de um\u00a0 candidato em campanha para Prefeitura de Manaus e seus seguidores, acabou gerando uma pol\u00eamica generalizada com a Prefeitura, em particular com o Prefeito, seu advers\u00e1rio na disputa, e o Secret\u00e1rio Municipal encarregado dessa quest\u00e3o.<\/p>\n\n\n\n<p class=\"has-medium-font-size\">O candidato e seus seguidores volunt\u00e1rios retiraram o lixo de um igarap\u00e9, juntaram num caminh\u00e3o e foram levar para o aterro sanit\u00e1rio. Chegando l\u00e1 foram barrados na entrada. Com certeza absoluta, tanto o candidato, quanto sua assessoria, sabiam que isso era quase certo de acontecer. N\u00e3o tem bobo nessa hist\u00f3ria. N\u00e3o estava prevista aquela entrada de caminh\u00e3o de lixo e, obviamente, existem regras para esse procedimento. Da\u00ed, impedido de entrar para descarregar o lixo, o candidato decidiu coloc\u00e1-lo na entrada do aterro.<\/p>\n\n\n<div class=\"wp-block-image is-style-rounded\">\n<figure class=\"alignleft size-thumbnail\"><img loading=\"lazy\" decoding=\"async\" width=\"150\" height=\"150\" src=\"https:\/\/clubedabaladeira.com.br\/wp-content\/uploads\/2024\/04\/LIXAO-150x150.jpg\" alt=\"\" class=\"wp-image-1542\" srcset=\"https:\/\/clubedabaladeira.com.br\/wp-content\/uploads\/2024\/04\/LIXAO-150x150.jpg 150w, https:\/\/clubedabaladeira.com.br\/wp-content\/uploads\/2024\/04\/LIXAO-75x75.jpg 75w, https:\/\/clubedabaladeira.com.br\/wp-content\/uploads\/2024\/04\/LIXAO-350x350.jpg 350w\" sizes=\"auto, (max-width: 150px) 100vw, 150px\" \/><\/figure>\n<\/div>\n\n\n<p class=\"has-text-align-left has-medium-font-size\">Era tudo o que precisava para aquela a\u00e7\u00e3o ganhar palco e as luzes da m\u00eddia e das redes sociais. \u00c9 tudo um jogo pol\u00edtico manjado que ganha cenas inusitadas em anos eleitorais. No meu entendimento, tudo aconteceu como estava planejado para acontecer: criar a oportunidade de um palco para dar mais visibilidade ao candidato, explorando um\u00a0 problema cr\u00f4nico da cidade, que \u00e9 o lixo nas ruas e nos igarap\u00e9s, e que afeta diretamente a gest\u00e3o do atual prefeito e advers\u00e1rio. <\/p>\n\n\n\n<p class=\"has-medium-font-size\">Independente disso, \u00e9 louv\u00e1vel a a\u00e7\u00e3o do candidato e de seus volunt\u00e1rios na retirada do lixo. Tem feito isso em outros temas como da arboriza\u00e7\u00e3o da cidade. Entretanto, destaque-se que existem outros grupos de dedicados volunt\u00e1rios fazendo o mesmo e sem alarde pol\u00edtico. Para quem est\u00e1 olhando de fora, fica a impress\u00e3o de que o candidato est\u00e1 querendo mostrar que a quest\u00e3o ambiental ter\u00e1 a\u00e7\u00f5es priorit\u00e1rias e irretrat\u00e1veis no seu plano de governo, caso venha a ser eleito. Da\u00ed a pergunta natural: &#8211; d\u00e1 para acreditar? O candidato vai cumprir desta vez todo o mandato na \u00edntegra? Essa quest\u00e3o ambiental \u00e9 antiga e sempre objeto de promessas mirabolantes de todos os candidatos.  Em resumo, n\u00e3o \u00e9 de hoje que somos iludidos, ou melhor, enganados com essas promessas.<\/p>\n\n\n\n<p class=\"has-medium-font-size\">Quando o assunto \u00e9 LIXO, aquele lixo material que toma conta da nossa cidade e dos igarap\u00e9s, a merda \u00e9 que existe um outro tipo de lixo t\u00e3o nocivo quanto, que \u00e9 o LIXO POL\u00cdTICO. O triste de tudo isso \u00e9 que somos culpados pelos dois existirem. O LIXO MATERIAL &#8211; pela falta de pol\u00edtica p\u00fablica s\u00e9ria, a falta de educa\u00e7\u00e3o de parcela da popula\u00e7\u00e3o, a toler\u00e2ncia de parte das autoridades e a confian\u00e7a na impunidade de quem atira lixo nas ruas e igarap\u00e9s. E o LIXO POL\u00cdTICO \u2013 aquele gerado pela teimosia e pelas p\u00e9ssimas escolhas de nossos pol\u00edticos e governantes, eleitos com o dever de trabalhar a solu\u00e7\u00e3o para esses problemas que sequer conseguem ameniz\u00e1-los. \u00a0<\/p>\n\n\n\n<p class=\"has-medium-font-size\">Fique claro que n\u00e3o estamos generalizando, obviamente, mas, esse \u00e9 o pre\u00e7o a pagar enquanto n\u00e3o tomarmos consci\u00eancia de que \u00e9 preciso levarmos mais a s\u00e9rio o nosso exerc\u00edcio de cidadania e escolhermos melhor nossos representantes. <\/p>\n\n\n\n<p class=\"has-medium-font-size\">Outubro vem a\u00ed. \u00c9 mais uma chance de darmos uma resposta nas urnas.<\/p>\n","protected":false},"excerpt":{"rendered":"<p>Uma a\u00e7\u00e3o pontual de retirada de lixo de um igarap\u00e9 por parte de um\u00a0 candidato em campanha para Prefeitura de Manaus e seus seguidores, acabou gerando uma pol\u00eamica generalizada com a Prefeitura, em particular com o Prefeito, seu advers\u00e1rio na disputa, e o Secret\u00e1rio Municipal encarregado dessa quest\u00e3o. O candidato e seus seguidores volunt\u00e1rios retiraram [&hellip;]<\/p>\n","protected":false},"author":2,"featured_media":1541,"comment_status":"open","ping_status":"open","sticky":false,"template":"","format":"standard","meta":{"om_disable_all_campaigns":false,"_monsterinsights_skip_tracking":false,"_monsterinsights_sitenote_active":false,"_monsterinsights_sitenote_note":"","_monsterinsights_sitenote_category":0,"footnotes":""},"categories":[43],"tags":[],"class_list":["post-1536","post","type-post","status-publish","format-standard","has-post-thumbnail","hentry","category-manaus"],"aioseo_notices":[],"_links":{"self":[{"href":"https:\/\/clubedabaladeira.com.br\/index.php\/wp-json\/wp\/v2\/posts\/1536","targetHints":{"allow":["GET"]}}],"collection":[{"href":"https:\/\/clubedabaladeira.com.br\/index.php\/wp-json\/wp\/v2\/posts"}],"about":[{"href":"https:\/\/clubedabaladeira.com.br\/index.php\/wp-json\/wp\/v2\/types\/post"}],"author":[{"embeddable":true,"href":"https:\/\/clubedabaladeira.com.br\/index.php\/wp-json\/wp\/v2\/users\/2"}],"replies":[{"embeddable":true,"href":"https:\/\/clubedabaladeira.com.br\/index.php\/wp-json\/wp\/v2\/comments?post=1536"}],"version-history":[{"count":3,"href":"https:\/\/clubedabaladeira.com.br\/index.php\/wp-json\/wp\/v2\/posts\/1536\/revisions"}],"predecessor-version":[{"id":1543,"href":"https:\/\/clubedabaladeira.com.br\/index.php\/wp-json\/wp\/v2\/posts\/1536\/revisions\/1543"}],"wp:featuredmedia":[{"embeddable":true,"href":"https:\/\/clubedabaladeira.com.br\/index.php\/wp-json\/wp\/v2\/media\/1541"}],"wp:attachment":[{"href":"https:\/\/clubedabaladeira.com.br\/index.php\/wp-json\/wp\/v2\/media?parent=1536"}],"wp:term":[{"taxonomy":"category","embeddable":true,"href":"https:\/\/clubedabaladeira.com.br\/index.php\/wp-json\/wp\/v2\/categories?post=1536"},{"taxonomy":"post_tag","embeddable":true,"href":"https:\/\/clubedabaladeira.com.br\/index.php\/wp-json\/wp\/v2\/tags?post=1536"}],"curies":[{"name":"wp","href":"https:\/\/api.w.org\/{rel}","templated":true}]}}