{"id":1515,"date":"2024-03-17T14:59:25","date_gmt":"2024-03-17T17:59:25","guid":{"rendered":"https:\/\/clubedabaladeira.com.br\/?p=1515"},"modified":"2024-04-20T11:51:21","modified_gmt":"2024-04-20T14:51:21","slug":"campanha-eleitoral-2024","status":"publish","type":"post","link":"https:\/\/clubedabaladeira.com.br\/index.php\/2024\/03\/17\/campanha-eleitoral-2024\/","title":{"rendered":"CAMPANHA ELEITORAL 2024"},"content":{"rendered":"\n<p class=\"has-medium-font-size\">Como j\u00e1 era esperado, mal come\u00e7ou o ano e prefeito e vereadores turbinaram as suas a\u00e7\u00f5es e investidas nas redes sociais. A ca\u00e7a aos votos e aos eleitores neste ano vai ser infernal. No fundo eles est\u00e3o conscientes de que metade deles, ou at\u00e9 mais da metade, n\u00e3o vai conseguir manter o mandato por mais 4 anos. Futuros desempregados politicos, derrotados, particularmente os mais chegados ao poder, depois de outubro 2024 v\u00e3o ficar na expectativa por um cargo de consolo em alguma secretaria ou empresa do munic\u00edpio. \u00c9 de praxe isso acontecer e n\u00e3o vai mudar, seja quem for o prefeito eleito. Anota a\u00ed!<\/p>\n\n\n<div class=\"wp-block-image is-style-rounded\">\n<figure class=\"alignleft size-thumbnail\"><img loading=\"lazy\" decoding=\"async\" width=\"150\" height=\"150\" src=\"https:\/\/clubedabaladeira.com.br\/wp-content\/uploads\/2024\/03\/POLITICO-MEGAFONE-150x150.webp\" alt=\"\" class=\"wp-image-1518\" srcset=\"https:\/\/clubedabaladeira.com.br\/wp-content\/uploads\/2024\/03\/POLITICO-MEGAFONE-150x150.webp 150w, https:\/\/clubedabaladeira.com.br\/wp-content\/uploads\/2024\/03\/POLITICO-MEGAFONE-75x75.webp 75w, https:\/\/clubedabaladeira.com.br\/wp-content\/uploads\/2024\/03\/POLITICO-MEGAFONE-350x350.webp 350w\" sizes=\"auto, (max-width: 150px) 100vw, 150px\" \/><\/figure>\n<\/div>\n\n\n<p class=\"has-medium-font-size\">Com um fundo bilion\u00e1rio para campanha, partidos e politicos, \u00e0s custas dos nossos bolsos, v\u00e3o fazer de tudo um pouco, principalmente mentir e prometer. J\u00e1 tem candidato a candidato a prefeito, acreditem, prometendo metr\u00f4 para a cidade de Manaus, criticando gest\u00f5es passadas que, direta ou indiretamente, ele e seu partido tamb\u00e9m fizeram parte. Triste lembrar que fomos enganados na Copa do Mundo de 2014, e depois nas Olimp\u00edadas de 2016. At\u00e9 hoje estamos esperando o Sistema de Transporte Moderno como legado desses eventos para Manaus. Nos restou o elefante branco da ARENA e a vergonha eterna dos 7 a 1 para os alem\u00e3es. Sem esquecer outra promessa pol\u00edtica que seria a da constru\u00e7\u00e3o da ARENAlevar o Amazonas para a primeira divis\u00e3o do futebol brasileiro.<\/p>\n\n\n\n<p class=\"has-medium-font-size\">Em resumo,  a disputa eleitoral 2024 vai ser acirrada. Nos bastidores, nos por\u00f5es da campanha, a presen\u00e7a de gases t\u00f3xicos j\u00e1 \u00e9 sentida a dist\u00e2ncia. Vem muitas coisas por ai. Esperar para ver.<\/p>\n","protected":false},"excerpt":{"rendered":"<p>Como j\u00e1 era esperado, mal come\u00e7ou o ano e prefeito e vereadores turbinaram as suas a\u00e7\u00f5es e investidas nas redes sociais. A ca\u00e7a aos votos e aos eleitores neste ano vai ser infernal. No fundo eles est\u00e3o conscientes de que metade deles, ou at\u00e9 mais da metade, n\u00e3o vai conseguir manter o mandato por mais [&hellip;]<\/p>\n","protected":false},"author":2,"featured_media":1516,"comment_status":"open","ping_status":"open","sticky":false,"template":"","format":"standard","meta":{"om_disable_all_campaigns":false,"_monsterinsights_skip_tracking":false,"_monsterinsights_sitenote_active":false,"_monsterinsights_sitenote_note":"","_monsterinsights_sitenote_category":0,"footnotes":""},"categories":[44],"tags":[],"class_list":["post-1515","post","type-post","status-publish","format-standard","has-post-thumbnail","hentry","category-politica"],"aioseo_notices":[],"_links":{"self":[{"href":"https:\/\/clubedabaladeira.com.br\/index.php\/wp-json\/wp\/v2\/posts\/1515","targetHints":{"allow":["GET"]}}],"collection":[{"href":"https:\/\/clubedabaladeira.com.br\/index.php\/wp-json\/wp\/v2\/posts"}],"about":[{"href":"https:\/\/clubedabaladeira.com.br\/index.php\/wp-json\/wp\/v2\/types\/post"}],"author":[{"embeddable":true,"href":"https:\/\/clubedabaladeira.com.br\/index.php\/wp-json\/wp\/v2\/users\/2"}],"replies":[{"embeddable":true,"href":"https:\/\/clubedabaladeira.com.br\/index.php\/wp-json\/wp\/v2\/comments?post=1515"}],"version-history":[{"count":3,"href":"https:\/\/clubedabaladeira.com.br\/index.php\/wp-json\/wp\/v2\/posts\/1515\/revisions"}],"predecessor-version":[{"id":1522,"href":"https:\/\/clubedabaladeira.com.br\/index.php\/wp-json\/wp\/v2\/posts\/1515\/revisions\/1522"}],"wp:featuredmedia":[{"embeddable":true,"href":"https:\/\/clubedabaladeira.com.br\/index.php\/wp-json\/wp\/v2\/media\/1516"}],"wp:attachment":[{"href":"https:\/\/clubedabaladeira.com.br\/index.php\/wp-json\/wp\/v2\/media?parent=1515"}],"wp:term":[{"taxonomy":"category","embeddable":true,"href":"https:\/\/clubedabaladeira.com.br\/index.php\/wp-json\/wp\/v2\/categories?post=1515"},{"taxonomy":"post_tag","embeddable":true,"href":"https:\/\/clubedabaladeira.com.br\/index.php\/wp-json\/wp\/v2\/tags?post=1515"}],"curies":[{"name":"wp","href":"https:\/\/api.w.org\/{rel}","templated":true}]}}