{"id":1495,"date":"2023-08-11T00:39:43","date_gmt":"2023-08-11T03:39:43","guid":{"rendered":"https:\/\/clubedabaladeira.com.br\/?p=1495"},"modified":"2023-08-11T23:52:10","modified_gmt":"2023-08-12T02:52:10","slug":"falta-de-educacao-ou-abuso","status":"publish","type":"post","link":"https:\/\/clubedabaladeira.com.br\/index.php\/2023\/08\/11\/falta-de-educacao-ou-abuso\/","title":{"rendered":"FALTA DE EDUCA\u00c7\u00c3O ou ABUSO?"},"content":{"rendered":"\n<p class=\"has-medium-font-size\">Essa esquina de rua transformada em local de descarte clandestino de lixo n\u00e3o fica numa \u00e1rea residencial, onde \u00e9 normal vermos essa cena. A imagem deste post \u00e9 da esquina da Rua I\u00e7\u00e1 com a Rua A\u00e7a\u00ed no Distrito Industrial de Manaus. Lembrando que \u00e9 aquele distrito que a administra\u00e7\u00e3o passada da Prefeitura prometeu transformar em cart\u00e3o postal da cidade, sem dizer como  nem quando. <\/p>\n\n\n\n<p class=\"has-medium-font-size\">Algu\u00e9m se desloca at\u00e9 esse local, normalmente de carro, aproveita quando ningu\u00e9m est\u00e1 por perto observando e simplesmente descarrega o seu lixo na maior cara-de-pau. Alguns na verdade s\u00e3o suficientemente ousados, capazes de descarregar o lixo mesmo diante do olhar perplexo ou reprovador de terceiros. Da\u00ed a pergunta: &#8211; isso \u00e9 falta de educa\u00e7\u00e3o ou abuso?<\/p>\n\n\n\n<p class=\"has-medium-font-size\">Com certeza absoluta n\u00e3o \u00e9 falta de educa\u00e7\u00e3o. \u00c9 simplesmente abuso e confian\u00e7a absoluta na impunidade. A cidade est\u00e1 cheia dessas lixeiras e, se pesquisarmos, n\u00e3o vamos encontrar ningu\u00e9m que esteja preso ou que tenha pago alguma multa ou pena alternativa por conta desse tipo de abuso. As autoridades e a pr\u00f3pria comunidade agem de forma benevolente e omissa diante desses casos.<\/p>\n\n\n\n<p class=\"has-medium-font-size\">Sujar a cidade e depredar o patrim\u00f4nio p\u00fablico precisa ser olhado e tratado com TOLER\u00c2NCIA ZERO. A educa\u00e7\u00e3o ambiental, pensando no futuro, deve ser voltada para as crian\u00e7as. Isso \u00e9 inquestion\u00e1vel, inclusive para a sobreviv\u00eancia do planeta. Agora, no caso dos adultos, dos marmanjos e dos pais, a educa\u00e7\u00e3o \u00e9 toler\u00e2ncia zero, multas e penas exemplares. O brasileiro s\u00f3 para e pensa quando mexem no seu bolso ou quando \u00e9 condenado a uma pena que ele n\u00e3o vai querer viver outra vez.<\/p>\n\n\n\n<p class=\"has-medium-font-size\">Imagine o sujeito condenado por 6 meses a dedicar 4 horas do seu dia ou da noite para ajudar um gari a varrer e colher o lixo na cidade debaixo de sol ou de chuva. Imagine um abusado desse ser condenado a auxiliar um coletor de lixo em todo o trajeto do caminh\u00e3o de coleta. Imagine um abusado desse participando da limpeza de bueiros e de igarap\u00e9s que ele \u00e9 um dos respons\u00e1veis pela contamina\u00e7\u00e3o. Da\u00ed uma outra pergunta: &#8211; algu\u00e9m j\u00e1 viu algum desses abusados pagando esse tipo de pena? Eu nunca vi.<\/p>\n\n\n\n<p class=\"has-medium-font-size\">Cad\u00ea os nossos deputados e vereadores que vivem propondo projetos de lei de todos as naturezas, muitas delas esdr\u00faxulas ou hil\u00e1rias. Qual a dificuldade de propor uma lei que endure\u00e7a o tratamento e as penalidades contra esses abusados que s\u00f3 v\u00e3o se corrigir na base da peia, ou seja, de penas r\u00edgidas e exemplares. <\/p>\n","protected":false},"excerpt":{"rendered":"<p>Essa esquina de rua transformada em local de descarte clandestino de lixo n\u00e3o fica numa \u00e1rea residencial, onde \u00e9 normal vermos essa cena. A imagem deste post \u00e9 da esquina da Rua I\u00e7\u00e1 com a Rua A\u00e7a\u00ed no Distrito Industrial de Manaus. Lembrando que \u00e9 aquele distrito que a administra\u00e7\u00e3o passada da Prefeitura prometeu transformar [&hellip;]<\/p>\n","protected":false},"author":2,"featured_media":1496,"comment_status":"open","ping_status":"open","sticky":false,"template":"","format":"standard","meta":{"om_disable_all_campaigns":false,"_monsterinsights_skip_tracking":false,"_monsterinsights_sitenote_active":false,"_monsterinsights_sitenote_note":"","_monsterinsights_sitenote_category":0,"footnotes":""},"categories":[43],"tags":[],"class_list":["post-1495","post","type-post","status-publish","format-standard","has-post-thumbnail","hentry","category-manaus"],"aioseo_notices":[],"_links":{"self":[{"href":"https:\/\/clubedabaladeira.com.br\/index.php\/wp-json\/wp\/v2\/posts\/1495","targetHints":{"allow":["GET"]}}],"collection":[{"href":"https:\/\/clubedabaladeira.com.br\/index.php\/wp-json\/wp\/v2\/posts"}],"about":[{"href":"https:\/\/clubedabaladeira.com.br\/index.php\/wp-json\/wp\/v2\/types\/post"}],"author":[{"embeddable":true,"href":"https:\/\/clubedabaladeira.com.br\/index.php\/wp-json\/wp\/v2\/users\/2"}],"replies":[{"embeddable":true,"href":"https:\/\/clubedabaladeira.com.br\/index.php\/wp-json\/wp\/v2\/comments?post=1495"}],"version-history":[{"count":4,"href":"https:\/\/clubedabaladeira.com.br\/index.php\/wp-json\/wp\/v2\/posts\/1495\/revisions"}],"predecessor-version":[{"id":1500,"href":"https:\/\/clubedabaladeira.com.br\/index.php\/wp-json\/wp\/v2\/posts\/1495\/revisions\/1500"}],"wp:featuredmedia":[{"embeddable":true,"href":"https:\/\/clubedabaladeira.com.br\/index.php\/wp-json\/wp\/v2\/media\/1496"}],"wp:attachment":[{"href":"https:\/\/clubedabaladeira.com.br\/index.php\/wp-json\/wp\/v2\/media?parent=1495"}],"wp:term":[{"taxonomy":"category","embeddable":true,"href":"https:\/\/clubedabaladeira.com.br\/index.php\/wp-json\/wp\/v2\/categories?post=1495"},{"taxonomy":"post_tag","embeddable":true,"href":"https:\/\/clubedabaladeira.com.br\/index.php\/wp-json\/wp\/v2\/tags?post=1495"}],"curies":[{"name":"wp","href":"https:\/\/api.w.org\/{rel}","templated":true}]}}