{"id":1448,"date":"2023-09-02T11:28:02","date_gmt":"2023-09-02T14:28:02","guid":{"rendered":"https:\/\/clubedabaladeira.com.br\/?p=1448"},"modified":"2024-04-20T11:57:10","modified_gmt":"2024-04-20T14:57:10","slug":"cidadania-omissao","status":"publish","type":"post","link":"https:\/\/clubedabaladeira.com.br\/index.php\/2023\/09\/02\/cidadania-omissao\/","title":{"rendered":"CIDADANIA &#038; OMISS\u00c3O"},"content":{"rendered":"\n<p class=\"has-medium-font-size\">A ideia de aproveitar as redes sociais como uma op\u00e7\u00e3o para exercer cidadania tem \u00f4nus e b\u00f4nus. Por conta disso j\u00e1 recebi algumas criticas aos meus coment\u00e1rios e fui v\u00e1rias vezes questionado por algumas pessoas, inclusive amigos, perguntando-me se vale a pena essa postura cr\u00edtica que me coloca diante de poss\u00edveis repres\u00e1lias.<\/p>\n\n\n\n<p class=\"has-medium-font-size\">Certa oportunidade eu recebi a seguinte critica pontual aos meus coment\u00e1rios:<\/p>\n\n\n\n<p class=\"has-medium-font-size\"><em>&#8211; <\/em>Voc\u00ea s\u00f3 faz cr\u00edticas aos posts com as a\u00e7\u00f5es da Prefeitura &nbsp;e dos vereadores.<\/p>\n\n\n\n<p class=\"has-medium-font-size\">N\u00e3o fa\u00e7o criticas apenas \u00e0 prefeitura e aos vereadores. Mas, nesse caso, primeiramente \u00e9 bom lembrar que em Manaus somos mais de 1,8 milh\u00f5es de habitantes, com uma cidade reconhecidamente carente e dependente de boas a\u00e7\u00f5es concretas das autoridades e pol\u00edticos. Da\u00ed eu pergunto:<\/p>\n\n\n\n<p class=\"has-medium-font-size\">&#8211; Quem est\u00e1 totalmente satisfeito com a postura e o desempenho do prefeito e dos vereadores de Manaus? Quantos pessoas fazem o que eu e muitas outras fazem por meio das redes sociais, pensando no coletivo e em particular naqueles que mais dependem dos servi\u00e7os p\u00fablicos? Quantos cidad\u00e3os exercem a sua cidadania sem medo de dizer o que pensa? Quem curte ou critica os posts que incomodam pol\u00edticos e governantes sem medo de sofrer repres\u00e1lias?<\/p>\n\n\n<div class=\"wp-block-image is-style-rounded\">\n<figure class=\"alignleft size-thumbnail\"><img loading=\"lazy\" decoding=\"async\" width=\"150\" height=\"150\" src=\"https:\/\/clubedabaladeira.com.br\/wp-content\/uploads\/2023\/03\/EMOJIS-150x150.webp\" alt=\"\" class=\"wp-image-1452\" srcset=\"https:\/\/clubedabaladeira.com.br\/wp-content\/uploads\/2023\/03\/EMOJIS-150x150.webp 150w, https:\/\/clubedabaladeira.com.br\/wp-content\/uploads\/2023\/03\/EMOJIS-75x75.webp 75w, https:\/\/clubedabaladeira.com.br\/wp-content\/uploads\/2023\/03\/EMOJIS-350x350.webp 350w\" sizes=\"auto, (max-width: 150px) 100vw, 150px\" \/><\/figure>\n<\/div>\n\n\n<p class=\"has-medium-font-size\">Na nossa sociedade, lamentavelmente, pol\u00edticos e governantes s\u00f3 se movem, quando se movem, sob a press\u00e3o da sociedade. Entendo que as redes sociais nos trouxeram a possibilidade de exercermos a nossa cidadania com afinco e assim potencializarmos a press\u00e3o para cima de autoridades e politicos acostumados a iludir o povo e empurrar tudo com a barriga.  <\/p>\n\n\n\n<p class=\"has-medium-font-size\">Acreditem! Essa press\u00e3o por meio das redes sociais incomoda muito aqueles pol\u00edticos e governantes acostumados a fazerem o que querem, principalmente aqueles avessos aos coment\u00e1rios que n\u00e3o os agradam. Querem aplausos e at\u00e9 respondem quando os coment\u00e1rios ou emojis lhes s\u00e3o favor\u00e1veis. Se os coment\u00e1rios s\u00e3o desfavor\u00e1veis, n\u00e3o respondem e s\u00f3 n\u00e3o deletam para n\u00e3o ficar feio nem expl\u00edcito de que d\u00e3o prefer\u00eancia aos aplausos. <\/p>\n\n\n\n<p class=\"has-medium-font-size\">Assim, vou continuar critico das a\u00e7\u00f5es de pol\u00edticos e governantes, apoiando quando justas e criticando quando julgar oportuno faz\u00ea-lo, sem querer, obviamente, ser o dono da verdade, apenas aproveitar a minha cidadania, ou seja, a minha liberdade de opini\u00e3o feita com urbanismo e responsabilidade. &nbsp;Acredito, tamb\u00e9m, que quando fa\u00e7o meus coment\u00e1rios&nbsp;posso estar representando dezenas, centenas, milhares de outras pessoas que gostariam de dizer a mesma coisa, mas n\u00e3o o fazem por uma s\u00e9ria de motivos: dificuldades de acesso \u00e0 internet; dificuldades de linguagem\/express\u00e3o; medo de repres\u00e1lias, inclusive. J\u00e1 ouvi de muitas pessoas: &#8211; leio, gosto e concordo com muitos coment\u00e1rios seus, mas, a minha situa\u00e7\u00e3o recomenda n\u00e3o curti-los. <\/p>\n\n\n\n<p class=\"has-medium-font-size\">Muitas das situa\u00e7\u00f5es que eu critico com rigor n\u00e3o me afetam diretamente, por exemplo: n\u00e3o ando de transporte coletivo, eternamente prec\u00e1rio e agora violento; n\u00e3o dependo das UBS para  um atendimento de emerg\u00eancia, nem preciso madrugar numa fila para receber um ficha de atendimento; n\u00e3o preciso ir para fila e correr o risco de voltar sem o &#8220;leite do meu filho&#8221;; n\u00e3o corro o risco de morrer numa fila esperando um procedimento b\u00e1sico de cirurgia. E tantas outras coisas que s\u00e3o a realidade de vida de milhares de pessoas que muitos n\u00e3o enxergam ou n\u00e3o querem enxergar. Vou seguir fazendo a minha parte.<\/p>\n","protected":false},"excerpt":{"rendered":"<p>A ideia de aproveitar as redes sociais como uma op\u00e7\u00e3o para exercer cidadania tem \u00f4nus e b\u00f4nus. Por conta disso j\u00e1 recebi algumas criticas aos meus coment\u00e1rios e fui v\u00e1rias vezes questionado por algumas pessoas, inclusive amigos, perguntando-me se vale a pena essa postura cr\u00edtica que me coloca diante de poss\u00edveis repres\u00e1lias. Certa oportunidade eu [&hellip;]<\/p>\n","protected":false},"author":2,"featured_media":1449,"comment_status":"open","ping_status":"open","sticky":false,"template":"","format":"standard","meta":{"om_disable_all_campaigns":false,"_monsterinsights_skip_tracking":false,"_monsterinsights_sitenote_active":false,"_monsterinsights_sitenote_note":"","_monsterinsights_sitenote_category":0,"footnotes":""},"categories":[44],"tags":[],"class_list":["post-1448","post","type-post","status-publish","format-standard","has-post-thumbnail","hentry","category-politica"],"aioseo_notices":[],"_links":{"self":[{"href":"https:\/\/clubedabaladeira.com.br\/index.php\/wp-json\/wp\/v2\/posts\/1448","targetHints":{"allow":["GET"]}}],"collection":[{"href":"https:\/\/clubedabaladeira.com.br\/index.php\/wp-json\/wp\/v2\/posts"}],"about":[{"href":"https:\/\/clubedabaladeira.com.br\/index.php\/wp-json\/wp\/v2\/types\/post"}],"author":[{"embeddable":true,"href":"https:\/\/clubedabaladeira.com.br\/index.php\/wp-json\/wp\/v2\/users\/2"}],"replies":[{"embeddable":true,"href":"https:\/\/clubedabaladeira.com.br\/index.php\/wp-json\/wp\/v2\/comments?post=1448"}],"version-history":[{"count":8,"href":"https:\/\/clubedabaladeira.com.br\/index.php\/wp-json\/wp\/v2\/posts\/1448\/revisions"}],"predecessor-version":[{"id":1510,"href":"https:\/\/clubedabaladeira.com.br\/index.php\/wp-json\/wp\/v2\/posts\/1448\/revisions\/1510"}],"wp:featuredmedia":[{"embeddable":true,"href":"https:\/\/clubedabaladeira.com.br\/index.php\/wp-json\/wp\/v2\/media\/1449"}],"wp:attachment":[{"href":"https:\/\/clubedabaladeira.com.br\/index.php\/wp-json\/wp\/v2\/media?parent=1448"}],"wp:term":[{"taxonomy":"category","embeddable":true,"href":"https:\/\/clubedabaladeira.com.br\/index.php\/wp-json\/wp\/v2\/categories?post=1448"},{"taxonomy":"post_tag","embeddable":true,"href":"https:\/\/clubedabaladeira.com.br\/index.php\/wp-json\/wp\/v2\/tags?post=1448"}],"curies":[{"name":"wp","href":"https:\/\/api.w.org\/{rel}","templated":true}]}}