{"id":1438,"date":"2023-03-08T16:14:35","date_gmt":"2023-03-08T19:14:35","guid":{"rendered":"https:\/\/clubedabaladeira.com.br\/?p=1438"},"modified":"2023-08-11T00:45:20","modified_gmt":"2023-08-11T03:45:20","slug":"programa-leite-do-meu-filho","status":"publish","type":"post","link":"https:\/\/clubedabaladeira.com.br\/index.php\/2023\/03\/08\/programa-leite-do-meu-filho\/","title":{"rendered":"PROGRAMA LEITE DO MEU FILHO"},"content":{"rendered":"\n<p class=\"has-medium-font-size\">A Prefeitura de Manaus anunciou a retomada da entrega das latas de leite do Programa Leite do Meu Filho que estava suspensa desde o final de 2022.<\/p>\n\n\n\n<p class=\"has-medium-font-size\">Vejam a gravidade dessa situa\u00e7\u00e3o. Estamos falando de leite que \u00e9 destinado a crian\u00e7as de fam\u00edlias carentes que dependem muito e diretamente desse programa. Imaginem a situa\u00e7\u00e3o dessas fam\u00edlias, confiantes de que o leite vai vir e, de repente, sem ter de onde tirar para comprar, ficam na depend\u00eancia da ajuda de terceiros, quando isso acontece.<\/p>\n\n\n\n<p class=\"has-medium-font-size\">Da\u00ed, diante da irresponsabilidade criminosa de quem venceu a licita\u00e7\u00e3o e simplesmente n\u00e3o cumpriu o contrato assinado, a Prefeitura parte para uma famigerada COMPRA EMERGENCIAL. Digo e repito, FAMIGERADA, pois, \u00e9 uma opera\u00e7\u00e3o milion\u00e1ria, que ir\u00e1 suprir apenas alguns meses de distribui\u00e7\u00e3o e com custos certamente bem superiores \u00e0queles que seriam praticados no \u00e2mbito do contrato n\u00e3o cumprido.  <\/p>\n\n\n\n<p class=\"has-medium-font-size\">A Prefeitura declara que j\u00e1 existe uma nova licita\u00e7\u00e3o na pra\u00e7a e acredita, entendo eu, que vai estar conclu\u00edda e com o novo contrato assinado  a tempo de impedir a necessidade de uma nova e famigerada opera\u00e7\u00e3o de COMPRA EMERGENCIAL. Vamos rezar para que a futuro vencedor n\u00e3o cometa o mesmo crime de deixar a Prefeitura mais uma vez com as calcas na m\u00e3o e as crian\u00e7as sem o leite. <\/p>\n\n\n\n<p class=\"has-medium-font-size\">Importante a sociedade entender que \u00e9 ela quem paga todas as contas. Da\u00ed ent\u00e3o a necessidade imperiosa de que a Prefeitura pratique ampla e irrestrita transpar\u00eancia em todo esse processo. Tem muita coisa ainda obscura e que o cidad\u00e3o precisa saber com maiores detalhes: (1) que empresa \u00e9 essa que ganhou a licita\u00e7\u00e3o e n\u00e3o honrou o contrato? (2) qual era o tamanho desse contrato em volume\/quantidade de leite e valores? (3) qual a puni\u00e7\u00e3o e multa j\u00e1 aplicada a essa empresa pelos danos causados? (4) qual foi o tamanho do preju\u00edzo aos cofres p\u00fablicos, consequentemente ao bolso do contribuinte, considerando o valor pago na COMPRA EMERGENCIAL  e o valor que teria sido pago no CONTRATO n\u00e3o cumprido? Qual a garantia real, efetiva de que n\u00e3o haver\u00e1 surpresas de uma nova compra emergencial?<\/p>\n\n\n\n<p class=\"has-medium-font-size\">Feitos esses questionamentos, dirigimo-nos aos nossos nobres vereadores, no total de 41, denominados fiscais do povo, para saber quantos estavam de fato acompanhando o Programa Leite do Meu Filho? Quantos tomaram conhecimento e acompanharam diretamente ou por meio de assessores essa COMPRA EMERGENCIAL, dada a relev\u00e2ncia em termos de volumes e valores? Quantos sabem informar a diferen\u00e7a de valor entre o que foi pago na compra emergencial e o que teria sido pago no contrato n\u00e3o cumprido pela empresa vencedora? Quantos sabem dizer se j\u00e1 houve de fato penalidade e\/ou multa aplicada \u00e0 empresa irrespons\u00e1vel? Quem s\u00e3o os titulares dessa empresa que deu cano na Prefeitura? S\u00e3o quest\u00f5es que envolvem muito dinheiro p\u00fablico, ou seja, dinheiro suado que sa\u00ed do bolso do cidad\u00e3o, sendo obriga\u00e7\u00e3o dos seus representantes dar transpar\u00eancia e publicidade aos fatos e aos n\u00fameros, assim como fazem quando v\u00e3o \u00e0 tribuna para rispidamente denunciar alguma coisa, principalmente contra seus advers\u00e1rios pol\u00edticos de ocasi\u00e3o. Os vereadores s\u00e3o eleitos, devidamente instrumentalizados e pagos para atuar como fiscais do povo e n\u00e3o como advogados do Prefeito ou da Prefeitura. <\/p>\n","protected":false},"excerpt":{"rendered":"<p>A Prefeitura de Manaus anunciou a retomada da entrega das latas de leite do Programa Leite do Meu Filho que estava suspensa desde o final de 2022. Vejam a gravidade dessa situa\u00e7\u00e3o. Estamos falando de leite que \u00e9 destinado a crian\u00e7as de fam\u00edlias carentes que dependem muito e diretamente desse programa. Imaginem a situa\u00e7\u00e3o dessas [&hellip;]<\/p>\n","protected":false},"author":2,"featured_media":1440,"comment_status":"open","ping_status":"open","sticky":false,"template":"","format":"standard","meta":{"om_disable_all_campaigns":false,"_monsterinsights_skip_tracking":false,"_monsterinsights_sitenote_active":false,"_monsterinsights_sitenote_note":"","_monsterinsights_sitenote_category":0,"footnotes":""},"categories":[44],"tags":[],"class_list":["post-1438","post","type-post","status-publish","format-standard","has-post-thumbnail","hentry","category-politica"],"aioseo_notices":[],"_links":{"self":[{"href":"https:\/\/clubedabaladeira.com.br\/index.php\/wp-json\/wp\/v2\/posts\/1438","targetHints":{"allow":["GET"]}}],"collection":[{"href":"https:\/\/clubedabaladeira.com.br\/index.php\/wp-json\/wp\/v2\/posts"}],"about":[{"href":"https:\/\/clubedabaladeira.com.br\/index.php\/wp-json\/wp\/v2\/types\/post"}],"author":[{"embeddable":true,"href":"https:\/\/clubedabaladeira.com.br\/index.php\/wp-json\/wp\/v2\/users\/2"}],"replies":[{"embeddable":true,"href":"https:\/\/clubedabaladeira.com.br\/index.php\/wp-json\/wp\/v2\/comments?post=1438"}],"version-history":[{"count":6,"href":"https:\/\/clubedabaladeira.com.br\/index.php\/wp-json\/wp\/v2\/posts\/1438\/revisions"}],"predecessor-version":[{"id":1501,"href":"https:\/\/clubedabaladeira.com.br\/index.php\/wp-json\/wp\/v2\/posts\/1438\/revisions\/1501"}],"wp:featuredmedia":[{"embeddable":true,"href":"https:\/\/clubedabaladeira.com.br\/index.php\/wp-json\/wp\/v2\/media\/1440"}],"wp:attachment":[{"href":"https:\/\/clubedabaladeira.com.br\/index.php\/wp-json\/wp\/v2\/media?parent=1438"}],"wp:term":[{"taxonomy":"category","embeddable":true,"href":"https:\/\/clubedabaladeira.com.br\/index.php\/wp-json\/wp\/v2\/categories?post=1438"},{"taxonomy":"post_tag","embeddable":true,"href":"https:\/\/clubedabaladeira.com.br\/index.php\/wp-json\/wp\/v2\/tags?post=1438"}],"curies":[{"name":"wp","href":"https:\/\/api.w.org\/{rel}","templated":true}]}}