{"id":1424,"date":"2023-02-17T13:09:08","date_gmt":"2023-02-17T16:09:08","guid":{"rendered":"http:\/\/clubedabaladeira.com.br\/?p=1424"},"modified":"2023-02-24T11:21:11","modified_gmt":"2023-02-24T14:21:11","slug":"alagacoes-a-culpa-e-do-povo-mal-educado","status":"publish","type":"post","link":"https:\/\/clubedabaladeira.com.br\/index.php\/2023\/02\/17\/alagacoes-a-culpa-e-do-povo-mal-educado\/","title":{"rendered":"ALAGA\u00c7\u00d5ES &#8211; a culpa \u00e9 do povo mal educado&#8230;"},"content":{"rendered":"\n<p class=\"has-medium-font-size\">O Secret\u00e1rio de Infraestrutura da cidade de Manaus, cercado de vereadores numa obra na cidade, declarou publicamente que a culpa pelas alaga\u00e7\u00f5es que acontecem no Centro da cidade \u00e9 do POVO mal educado que fica atirando lixo nas ruas e nos igarap\u00e9s.  <\/p>\n\n\n\n<p class=\"has-medium-font-size\">Ser\u00e1 que o secret\u00e1rio est\u00e1 mentindo a respeito do tema? Evidentemente que n\u00e3o. Na verdade n\u00e3o disse nada que seja uma novidade para os amazonenses. Usando de uma orat\u00f3ria t\u00edpica dos pol\u00edticos com bom jogo de cintura, aproveitou o momento e repetiu as mesmas coisas que s\u00e3o ditas todos os anos. S\u00f3 n\u00e3o pode \u00e9 ficar brincando com a nossa intelig\u00eancia. N\u00e3o podemos aceitar colocar a Prefeitura de v\u00edtima e o povo de r\u00e9u. <\/p>\n\n\n\n<p class=\"has-medium-font-size\">Ora, se as alaga\u00e7\u00f5es acontecem religiosamente todos os anos, nos mesmos pontos e na mesma \u00e9poca, porque a  Prefeitura n\u00e3o se antecipa e limpa os bueiros antes? Porque esperar acontecer para depois agir e assim potencializar as despesas para o er\u00e1rio p\u00fablico com a desobstru\u00e7\u00e3o dos bueiros, limpeza das \u00e1reas e o socorro \u00e0s v\u00edtimas das alaga\u00e7\u00f5es. Fala s\u00e9rio &#8211; quanto custa tudo isso para o bolso do cidad\u00e3o?  Em resumo, esperam acontecer as alaga\u00e7\u00f5es, da\u00ed, de um lado corre o Prefeito e o Secret\u00e1rio com as mesmas explica\u00e7\u00f5es de sempre, sem dividir a culpa com o povo, e do outro lado corre os vereadores descabelados, nervosos e indignados pedindo provid\u00eancias. O filme, gente, \u00e9 o mesmo todos os anos.<\/p>\n\n\n\n<p class=\"has-medium-font-size\">Quanto ao povo mal educado que atira o lixo em qualquer lugar, ser\u00e1 que o secret\u00e1rio saberia dizer quantas pessoas ou empresas comerciais do centro da cidade foram advertidas, punidas, multadas pela Prefeitura por conta de lixo atirado nas ruas ou igarap\u00e9s nos \u00faltimos 5 anos? <\/p>\n\n\n\n<p class=\"has-medium-font-size\">Se o problema n\u00e3o \u00e9 s\u00f3 da Prefeitura, como destaca o secret\u00e1rio, a realidade \u00e9 que os tr\u00eas poderes tem responsabilidade sobre esse assunto e contribuem para a IMPUNIDADE que leva a essas alaga\u00e7\u00f5es todos os anos. Os abusados infratores agem livremente, acreditam na impunidade e v\u00e3o continuar atirando lixo nas ruas e nos igarap\u00e9s enquanto as autoridades forem lerdas e omissos nesse combate. Menos discurso, menos oba-oba e TOLER\u00c2NCIA ZERO com quem atira lixo nas ruas e igarap\u00e9s. \u00c9 s\u00f3 uma quest\u00e3o de vontade politica de fazer, em lugar de esperar para onerar os cofres p\u00fablicos com desobstru\u00e7\u00e3o, limpeza e socorro material e financeiro \u00e0s v\u00edtimas.  <\/p>\n\n\n\n<p class=\"has-medium-font-size\">Com rela\u00e7\u00e3o \u00e0 educa\u00e7\u00e3o dos jovens e das crian\u00e7as nas Escolas, sem d\u00favida esse \u00e9 o \u00fanico caminho para o futuro. Da\u00ed a pergunta &#8211; o que tem feito a Prefeitura nas suas Escolas quanto a esse tema? Creio eu que deva fazer parte da grade curricular dessas crian\u00e7as\\. <\/p>\n\n\n\n<p class=\"has-medium-font-size\">Com rela\u00e7\u00e3o aos adultos, a sa\u00edda \u00e9 criar mecanismos de f\u00e1cil acesso e incentivar as pessoas de bem a denunciar com seguran\u00e7a quem quer seja, pessoa f\u00edsica ou jur\u00eddica, que venha a ser flagrado jogando lixo nas ruas ou nos igarap\u00e9s. Por\u00e9m, que a Prefeitura, em contrapartida, responda com celeridade a essas den\u00fancias e aplique de imediato as penalidade justas e cab\u00edveis. <\/p>\n\n\n\n<p class=\"has-medium-font-size\">Que o vereadores, fiscais do povo, tamb\u00e9m fa\u00e7am a sua parte, em lugar de s\u00f3 posar ao lado do prefeito e do secret\u00e1rio para ouvir as explica\u00e7\u00f5es esdr\u00faxulas de sempre e ainda bater palmas. Com tantos assessores, que os vereadores disponibilizem ferramentas de comunica\u00e7\u00e3o especifica para esses casos, onde o cidad\u00e3o possa, com seguran\u00e7a e a preserva\u00e7\u00e3o do seu nome, quando requerido, denunciar pessoas ou empresas que estejam cometendo esse tipo de infra\u00e7\u00e3o. N\u00e3o esquecer tamb\u00e9m as badaladas EMENDAS e destinar verbas \u00e0s Escolas Municipais para trabalharem com as crian\u00e7as essa quest\u00e3o da consci\u00eancia ambiental. Ser\u00e1 que \u00e9 pedir muito?<\/p>\n","protected":false},"excerpt":{"rendered":"<p>O Secret\u00e1rio de Infraestrutura da cidade de Manaus, cercado de vereadores numa obra na cidade, declarou publicamente que a culpa pelas alaga\u00e7\u00f5es que acontecem no Centro da cidade \u00e9 do POVO mal educado que fica atirando lixo nas ruas e nos igarap\u00e9s. Ser\u00e1 que o secret\u00e1rio est\u00e1 mentindo a respeito do tema? Evidentemente que n\u00e3o. [&hellip;]<\/p>\n","protected":false},"author":2,"featured_media":1427,"comment_status":"open","ping_status":"open","sticky":false,"template":"","format":"standard","meta":{"om_disable_all_campaigns":false,"_monsterinsights_skip_tracking":false,"_monsterinsights_sitenote_active":false,"_monsterinsights_sitenote_note":"","_monsterinsights_sitenote_category":0,"footnotes":""},"categories":[43],"tags":[],"class_list":["post-1424","post","type-post","status-publish","format-standard","has-post-thumbnail","hentry","category-manaus"],"aioseo_notices":[],"_links":{"self":[{"href":"https:\/\/clubedabaladeira.com.br\/index.php\/wp-json\/wp\/v2\/posts\/1424","targetHints":{"allow":["GET"]}}],"collection":[{"href":"https:\/\/clubedabaladeira.com.br\/index.php\/wp-json\/wp\/v2\/posts"}],"about":[{"href":"https:\/\/clubedabaladeira.com.br\/index.php\/wp-json\/wp\/v2\/types\/post"}],"author":[{"embeddable":true,"href":"https:\/\/clubedabaladeira.com.br\/index.php\/wp-json\/wp\/v2\/users\/2"}],"replies":[{"embeddable":true,"href":"https:\/\/clubedabaladeira.com.br\/index.php\/wp-json\/wp\/v2\/comments?post=1424"}],"version-history":[{"count":3,"href":"https:\/\/clubedabaladeira.com.br\/index.php\/wp-json\/wp\/v2\/posts\/1424\/revisions"}],"predecessor-version":[{"id":1431,"href":"https:\/\/clubedabaladeira.com.br\/index.php\/wp-json\/wp\/v2\/posts\/1424\/revisions\/1431"}],"wp:featuredmedia":[{"embeddable":true,"href":"https:\/\/clubedabaladeira.com.br\/index.php\/wp-json\/wp\/v2\/media\/1427"}],"wp:attachment":[{"href":"https:\/\/clubedabaladeira.com.br\/index.php\/wp-json\/wp\/v2\/media?parent=1424"}],"wp:term":[{"taxonomy":"category","embeddable":true,"href":"https:\/\/clubedabaladeira.com.br\/index.php\/wp-json\/wp\/v2\/categories?post=1424"},{"taxonomy":"post_tag","embeddable":true,"href":"https:\/\/clubedabaladeira.com.br\/index.php\/wp-json\/wp\/v2\/tags?post=1424"}],"curies":[{"name":"wp","href":"https:\/\/api.w.org\/{rel}","templated":true}]}}