{"id":1372,"date":"2022-12-11T17:27:27","date_gmt":"2022-12-11T20:27:27","guid":{"rendered":"http:\/\/clubedabaladeira.com.br\/?p=1372"},"modified":"2022-12-11T17:36:22","modified_gmt":"2022-12-11T20:36:22","slug":"estacao-rodoviaria-arrumadinha-nem-pensar","status":"publish","type":"post","link":"https:\/\/clubedabaladeira.com.br\/index.php\/2022\/12\/11\/estacao-rodoviaria-arrumadinha-nem-pensar\/","title":{"rendered":"ESTA\u00c7\u00c3O RODOVI\u00c1RIA &#8211; arrumadinha nem pensar&#8230;"},"content":{"rendered":"<div class=\"wp-block-image is-style-rounded\">\n<figure class=\"alignleft size-thumbnail\"><img loading=\"lazy\" decoding=\"async\" width=\"150\" height=\"150\" src=\"http:\/\/clubedabaladeira.com.br\/wp-content\/uploads\/2022\/12\/ESTACAO-RODOVIARIA-150x150.webp\" alt=\"\" class=\"wp-image-1376\" srcset=\"https:\/\/clubedabaladeira.com.br\/wp-content\/uploads\/2022\/12\/ESTACAO-RODOVIARIA-150x150.webp 150w, https:\/\/clubedabaladeira.com.br\/wp-content\/uploads\/2022\/12\/ESTACAO-RODOVIARIA-75x75.webp 75w, https:\/\/clubedabaladeira.com.br\/wp-content\/uploads\/2022\/12\/ESTACAO-RODOVIARIA-350x350.webp 350w\" sizes=\"auto, (max-width: 150px) 100vw, 150px\" \/><\/figure>\n<\/div>\n\n\n<p><br>A Esta\u00e7\u00e3o Rodovi\u00e1ria de Manaus \u00e9 uma imoralidade. Para uma capital que se orgulha de abrigar o mais importante Parque Industrial do Brasil, a sua Esta\u00e7\u00e3o Rodovi\u00e1ria \u00e9 indiscutivelmente uma imoralidade, uma p\u00e9ssima imagem para o Estado e para o Munic\u00edpio. Quem sa\u00ed ou chega a Manaus pela Rodovi\u00e1ria se depara com algo que nos envergonha. Lembrando sempre que fomos enganados, tratados como trouxas com as promessas de legado da Copa do Mundo e das Olimp\u00edadas, que inclu\u00eda um sistema de transporte urbano moderno e uma Esta\u00e7\u00e3o Rodovi\u00e1ria decente. <\/p>\n\n\n\n<p>O Deputado Estadual <strong>SIN\u00c9SIO CAMPOS <\/strong>resolveu fazer audi\u00eancias p\u00fablicas para tratar da situa\u00e7\u00e3o da Esta\u00e7\u00e3o Rodovi\u00e1ria de Manaus e, pasmem, discutir inclusive se a mesma deve ou n\u00e3o deve sair do local onde est\u00e1. \u00c9 hil\u00e1rio! Exatamente bem ali perto da Esta\u00e7\u00e3o Rodovi\u00e1ria est\u00e1 o <strong>AEROCLUBE<\/strong>, que tamb\u00e9m politicos e governantes, a cada acidente\/trag\u00e9dia que acontece, discutem se ele fica ou sai daquela local. Est\u00e3o aguardando a pr\u00f3xima trag\u00e9dia para retomar a discuss\u00e3o. \u00c9 a eterna brincadeira dos politicos e governantes com a intelig\u00eancia e a paci\u00eancia do cidad\u00e3o. <\/p>\n\n\n\n<p>O Deputado Sin\u00e9sio teria conclu\u00eddo que a situa\u00e7\u00e3o da Estac\u00e3o Rodovi\u00e1ria de Manaus \u00e9 insustent\u00e1vel. Espero que n\u00e3o seja s\u00f3 mais uma brincadeira com a nossa intelig\u00eancia. Pelo tempo de mandato do deputado, \u00e9 lament\u00e1vel  que s\u00f3 agora chegou a essa conclus\u00e3o e resolveu soltar o verbo para cobrar uma solu\u00e7\u00e3o definita. <\/p>\n\n\n<div class=\"wp-block-image is-style-rounded\">\n<figure class=\"alignleft size-full\"><img loading=\"lazy\" decoding=\"async\" width=\"300\" height=\"168\" src=\"http:\/\/clubedabaladeira.com.br\/wp-content\/uploads\/2022\/12\/TERMINAL-6-2.jpeg\" alt=\"\" class=\"wp-image-1379\"\/><\/figure>\n<\/div>\n\n\n<p class=\"has-text-align-left\">Para minha surpresa e indigna\u00e7\u00e3o, surgiu tamb\u00e9m a ideia de uma poss\u00edvel transfer\u00eancia da <strong>ESTA\u00c7\u00c3O RODOVI\u00c1RIA<\/strong> para um certo <strong>TERMINAL 6, na Zona norte<\/strong>, que est\u00e1 constru\u00eddo, inaugurado, mas n\u00e3o sabem o que fazer dele, pois, salvo engano, n\u00e3o se justifica ter sido constru\u00eddo naquele ponto. Afinal, que merda de projeto foi esse! Ali\u00e1s, cabe at\u00e9 um investiga\u00e7\u00e3o s\u00e9ria do MPE e do TCE sobre esse projeto e o dinheiro p\u00fablico nele investido.<\/p>\n\n\n\n<p>Aos Deputados, vereadores, governador, prefeito,  rogamos que n\u00e3o nos tratem como eternos bobos ou idiotas. O que queremos \u00e9 uma <strong>ESTAC\u00c3O RODOVI\u00c1RIA<\/strong> decente, como merecem os passageiros que saem e chegam a Manaus. Est\u00e3o nos enganando desde a Copa do Mundo de 2014. N\u00e3o vamos esquecer os 7 x 1, muitos menos as promessas n\u00e3o cumpridas na nossa cidade. Querer agora adequar, maquilar um <strong>TERMINAL de BALDEA\u00c7\u00c3O<\/strong> de passageiros do sistema urbano para transformar numa <strong>ESTAC\u00c3O RODOVI\u00c1RIA<\/strong>,  \u00e9 indecente, \u00e9 imoral, \u00e9 irrespons\u00e1vel. <\/p>\n\n\n\n<p>Queremos um verdadeiro e digno <strong>PROJETO <\/strong>para Manaus e n\u00e3o um <strong>TERMINAL DE \u00d4NIBUS ARRUMADINHO<\/strong> para chamar de <strong>ESTA\u00c7\u00c3O RODOVI\u00c1RIA .<\/strong><\/p>\n","protected":false},"excerpt":{"rendered":"<p>A Esta\u00e7\u00e3o Rodovi\u00e1ria de Manaus \u00e9 uma imoralidade. Para uma capital que se orgulha de abrigar o mais importante Parque Industrial do Brasil, a sua Esta\u00e7\u00e3o Rodovi\u00e1ria \u00e9 indiscutivelmente uma imoralidade, uma p\u00e9ssima imagem para o Estado e para o Munic\u00edpio. Quem sa\u00ed ou chega a Manaus pela Rodovi\u00e1ria se depara com algo que nos [&hellip;]<\/p>\n","protected":false},"author":2,"featured_media":1374,"comment_status":"open","ping_status":"open","sticky":false,"template":"","format":"standard","meta":{"om_disable_all_campaigns":false,"_monsterinsights_skip_tracking":false,"_monsterinsights_sitenote_active":false,"_monsterinsights_sitenote_note":"","_monsterinsights_sitenote_category":0,"footnotes":""},"categories":[43],"tags":[],"class_list":["post-1372","post","type-post","status-publish","format-standard","has-post-thumbnail","hentry","category-manaus"],"aioseo_notices":[],"_links":{"self":[{"href":"https:\/\/clubedabaladeira.com.br\/index.php\/wp-json\/wp\/v2\/posts\/1372","targetHints":{"allow":["GET"]}}],"collection":[{"href":"https:\/\/clubedabaladeira.com.br\/index.php\/wp-json\/wp\/v2\/posts"}],"about":[{"href":"https:\/\/clubedabaladeira.com.br\/index.php\/wp-json\/wp\/v2\/types\/post"}],"author":[{"embeddable":true,"href":"https:\/\/clubedabaladeira.com.br\/index.php\/wp-json\/wp\/v2\/users\/2"}],"replies":[{"embeddable":true,"href":"https:\/\/clubedabaladeira.com.br\/index.php\/wp-json\/wp\/v2\/comments?post=1372"}],"version-history":[{"count":6,"href":"https:\/\/clubedabaladeira.com.br\/index.php\/wp-json\/wp\/v2\/posts\/1372\/revisions"}],"predecessor-version":[{"id":1384,"href":"https:\/\/clubedabaladeira.com.br\/index.php\/wp-json\/wp\/v2\/posts\/1372\/revisions\/1384"}],"wp:featuredmedia":[{"embeddable":true,"href":"https:\/\/clubedabaladeira.com.br\/index.php\/wp-json\/wp\/v2\/media\/1374"}],"wp:attachment":[{"href":"https:\/\/clubedabaladeira.com.br\/index.php\/wp-json\/wp\/v2\/media?parent=1372"}],"wp:term":[{"taxonomy":"category","embeddable":true,"href":"https:\/\/clubedabaladeira.com.br\/index.php\/wp-json\/wp\/v2\/categories?post=1372"},{"taxonomy":"post_tag","embeddable":true,"href":"https:\/\/clubedabaladeira.com.br\/index.php\/wp-json\/wp\/v2\/tags?post=1372"}],"curies":[{"name":"wp","href":"https:\/\/api.w.org\/{rel}","templated":true}]}}