{"id":1342,"date":"2022-10-18T23:16:37","date_gmt":"2022-10-19T02:16:37","guid":{"rendered":"http:\/\/clubedabaladeira.com.br\/?p=1342"},"modified":"2022-10-20T18:11:44","modified_gmt":"2022-10-20T21:11:44","slug":"rua-dos-solavancos-enfim-revitalizada","status":"publish","type":"post","link":"https:\/\/clubedabaladeira.com.br\/index.php\/2022\/10\/18\/rua-dos-solavancos-enfim-revitalizada\/","title":{"rendered":"RUA dos SOLAVANCOS &#8211; enfim revitalizada&#8230;"},"content":{"rendered":"\n<p>A Rua Jos\u00e9 Mariano, localizada no Bairro do Parque 10 de Novembro, ficou conhecida pelos moradores como sendo a Rua dos Solavancos, resultado de dezenas de opera\u00e7\u00f5es tapa-buracos.<\/p>\n\n\n\n<p>Depois de muitos apelos da comunidade a Rua dos Solavancos e mais a Rua dos Banibas, finalmente sofreram a interven\u00e7\u00e3o da Prefeitura de Manaus e foram revitalizadas, ou seja, foram recapeadas. \u00a0<\/p>\n\n\n<div class=\"wp-block-image is-style-rounded\">\n<figure class=\"alignleft size-thumbnail\"><img loading=\"lazy\" decoding=\"async\" width=\"150\" height=\"150\" src=\"http:\/\/clubedabaladeira.com.br\/wp-content\/uploads\/2022\/10\/RUA-DOS-BANIBAS-150x150.jpg\" alt=\"\" class=\"wp-image-1345\" srcset=\"https:\/\/clubedabaladeira.com.br\/wp-content\/uploads\/2022\/10\/RUA-DOS-BANIBAS-150x150.jpg 150w, https:\/\/clubedabaladeira.com.br\/wp-content\/uploads\/2022\/10\/RUA-DOS-BANIBAS-75x75.jpg 75w, https:\/\/clubedabaladeira.com.br\/wp-content\/uploads\/2022\/10\/RUA-DOS-BANIBAS-350x350.jpg 350w\" sizes=\"auto, (max-width: 150px) 100vw, 150px\" \/><\/figure>\n<\/div>\n\n\n<p>Essas duas ruas ganharam notoriedade nesse per\u00edodo eleitoral de 2022 com a instala\u00e7\u00e3o de dois comit\u00eas pol\u00edticos de campanha bem pr\u00f3ximos um ao outro, As ruas ficaram movimentadas durante o processo eleitoral, com muitos carros circulando e ocupando as laterais das vias nos dois sentidos e at\u00e9 tarde da noite. Isso tudo nos faz acreditar (com certo esfor\u00e7o) que tenha sido esse o motivo  mais relevante para o atraso na interven\u00e7\u00e3o por parte da Prefeitura. <\/p>\n\n\n\n<p>O resultado do trabalho desses comit\u00eas citados, a t\u00edtulo de curiosidade, \u00e9 que os candidatos sa\u00edram vitoriosos do pleito. Um deles foi reeleito para deputado estadual e outro logrou \u00eaxito na conquista de um mandato para deputado federal. Enfim, nos resta pedir que honrem seus mandatos. <\/p>\n\n\n\n<p>Voltando \u00e0 quest\u00e3o das ruas, os servi\u00e7os de recapeamento foram executados pela Prefeitura e alguns moradores tomaram a iniciativa de ir conversar com os respons\u00e1veis enfatizando a import\u00e2ncia do zelo e da qualidade desse trabalho. Sabemos perfeitamente que n\u00e3o depende s\u00f3 da boa vontade dos oper\u00e1rios em campo, mas tamb\u00e9m da qualidade da massa asf\u00e1ltica recebida para ser aplicada nas vias de Manaus. Eis a\u00ed uma inc\u00f3gnita que s\u00f3 o tempo ir\u00e1  nos dar a resposta. <\/p>\n\n\n\n<p>Assim, nada mais justo agora que se reconhe\u00e7a o trabalho executado pela equipe que passou pelas Rua Jos\u00e9 Mariano e Rua dos Banibas, no Bairro do Parque 10. Outubro de 2022 fica como marco da a\u00e7\u00e3o da Prefeitura nas citadas ruas e vamos ver agora at\u00e9 quando teremos essas vias em boas condi\u00e7\u00f5es de trafegabilidade e livre dos inc\u00f4modos buracos e solavancos. &nbsp;<\/p>\n","protected":false},"excerpt":{"rendered":"<p>A Rua Jos\u00e9 Mariano, localizada no Bairro do Parque 10 de Novembro, ficou conhecida pelos moradores como sendo a Rua dos Solavancos, resultado de dezenas de opera\u00e7\u00f5es tapa-buracos. Depois de muitos apelos da comunidade a Rua dos Solavancos e mais a Rua dos Banibas, finalmente sofreram a interven\u00e7\u00e3o da Prefeitura de Manaus e foram revitalizadas, [&hellip;]<\/p>\n","protected":false},"author":2,"featured_media":1343,"comment_status":"open","ping_status":"open","sticky":false,"template":"","format":"standard","meta":{"om_disable_all_campaigns":false,"_monsterinsights_skip_tracking":false,"_monsterinsights_sitenote_active":false,"_monsterinsights_sitenote_note":"","_monsterinsights_sitenote_category":0,"footnotes":""},"categories":[43],"tags":[],"class_list":["post-1342","post","type-post","status-publish","format-standard","has-post-thumbnail","hentry","category-manaus"],"aioseo_notices":[],"_links":{"self":[{"href":"https:\/\/clubedabaladeira.com.br\/index.php\/wp-json\/wp\/v2\/posts\/1342","targetHints":{"allow":["GET"]}}],"collection":[{"href":"https:\/\/clubedabaladeira.com.br\/index.php\/wp-json\/wp\/v2\/posts"}],"about":[{"href":"https:\/\/clubedabaladeira.com.br\/index.php\/wp-json\/wp\/v2\/types\/post"}],"author":[{"embeddable":true,"href":"https:\/\/clubedabaladeira.com.br\/index.php\/wp-json\/wp\/v2\/users\/2"}],"replies":[{"embeddable":true,"href":"https:\/\/clubedabaladeira.com.br\/index.php\/wp-json\/wp\/v2\/comments?post=1342"}],"version-history":[{"count":4,"href":"https:\/\/clubedabaladeira.com.br\/index.php\/wp-json\/wp\/v2\/posts\/1342\/revisions"}],"predecessor-version":[{"id":1349,"href":"https:\/\/clubedabaladeira.com.br\/index.php\/wp-json\/wp\/v2\/posts\/1342\/revisions\/1349"}],"wp:featuredmedia":[{"embeddable":true,"href":"https:\/\/clubedabaladeira.com.br\/index.php\/wp-json\/wp\/v2\/media\/1343"}],"wp:attachment":[{"href":"https:\/\/clubedabaladeira.com.br\/index.php\/wp-json\/wp\/v2\/media?parent=1342"}],"wp:term":[{"taxonomy":"category","embeddable":true,"href":"https:\/\/clubedabaladeira.com.br\/index.php\/wp-json\/wp\/v2\/categories?post=1342"},{"taxonomy":"post_tag","embeddable":true,"href":"https:\/\/clubedabaladeira.com.br\/index.php\/wp-json\/wp\/v2\/tags?post=1342"}],"curies":[{"name":"wp","href":"https:\/\/api.w.org\/{rel}","templated":true}]}}