{"id":1334,"date":"2022-10-11T12:55:04","date_gmt":"2022-10-11T15:55:04","guid":{"rendered":"http:\/\/clubedabaladeira.com.br\/?p=1334"},"modified":"2022-10-12T08:54:21","modified_gmt":"2022-10-12T11:54:21","slug":"carta-aos-vereadores-bueiros-sem-tampa","status":"publish","type":"post","link":"https:\/\/clubedabaladeira.com.br\/index.php\/2022\/10\/11\/carta-aos-vereadores-bueiros-sem-tampa\/","title":{"rendered":"CARTA AOS VEREADORES &#8211; Bueiros sem tampa&#8230;"},"content":{"rendered":"\n<p>Eu pediria aos vereadores que primeiramente olhassem para essa imagem simb\u00f3lica deste post. \u00c9 apenas 1 entre centenas de &#8220;bueiros sem tampa&#8221; espalhados pela cidade de Manaus.<\/p>\n\n\n\n<p>Com certeza essa imagem \u00e9 peculiar a todos os senhores faz muito tempo, at\u00e9\u00a0 mesmo antes do mandato que receberam do povo, quando devem ter reclamado muito e cobrado ostensivamente provid\u00eancias das autoridades locais. E agora no mandato, o que tem sido feito de objetivo\u00a0e de concreto?<\/p>\n\n\n\n<p>Da\u00ed fa\u00e7o as seguintes perguntas:<\/p>\n\n\n\n<p>&#8211; Os nobres vereadores&nbsp;fazem&nbsp;ideia de quantos bueiros nesta cidade est\u00e3o&nbsp;sem a sua tampa? Eu conhe\u00e7o bueiro, e posso apresent\u00e1-los, sem tampa desde o in\u00edcio da primeira gest\u00e3o do ex-prefeito Arthur Neto e do vice Rotta que continuou vice na atual gest\u00e3o.<\/p>\n\n\n\n<p>&#8211; Os vereadores fazem ideia do potencial de riscos de acidentes graves por conta da falta dessas tampas?&nbsp;<\/p>\n\n\n\n<p>&#8211; Os vereadores possuem a estat\u00edstica de quantas pessoas j\u00e1 perderam a vida ou de alguma forma est\u00e3o deficientes devido a acidentes sofridos num bueiro sem tampa? Algu\u00e9m j\u00e1 se preocupou com essa estat\u00edstica que envolve seguran\u00e7a de vidas humanas no tr\u00e2nsito e que qualquer um de n\u00f3s podemos ser a pr\u00f3xima v\u00edtima?<\/p>\n\n\n\n<p>&#8211; Os vereadores tem&nbsp;ideia de quantos TACs j\u00e1 foram feitos supostamente com o objetivo de resolver ou amenizar essa situa\u00e7\u00e3o? Cad\u00ea o resultado desses TACs? Algu\u00e9m foi punido por n\u00e3o cumpr\u00ed-los? N\u00e3o seria dever dos vereadores acompanhar esses TACs e cobrar a sua plena execu\u00e7\u00e3o? Entendo que a sociedade merece essa resposta &#8211; t\u00f4 errado?<\/p>\n\n\n\n<p>&#8211; Os vereadores&nbsp;sabem nos dizer quantos pessoas j\u00e1 foram presas e exemplarmente punidas por cometer esse grave crime de roubar ou receptar as tampas de bueiros das ruas? Tem algum ladr\u00e3o ou receptador de tampas de bueiros preso hoje por conta desse crime? Como diz o ditado &#8211; perguntar n\u00e3o ofende.<\/p>\n\n\n\n<p>Com essas perguntas, para as quais a sociedade amazonense nunca teve uma resposta digna e convincente, at\u00e9 prova em contr\u00e1rio fica expl\u00edcita&nbsp;a inefici\u00eancia e a impot\u00eancia dos nossos poderes &#8211; roubar tampas de bueiros compensa. A cidade de Manaus continua cheia de bueiros sem tampas (s\u00f3 cresce o n\u00famero) e as pessoas que trafegam nessas ruas est\u00e3o sujeitas a acidentes de todas as propor\u00e7\u00f5es.&nbsp; O que pode resultar apenas num dano material, pode tamb\u00e9m terminar em morte\/trag\u00e9dia.<\/p>\n\n\n\n<p>Diante do exposto, nobres vereadores, at\u00e9 quando vamos esperar uma solu\u00e7\u00e3o ou&nbsp;ameniza\u00e7\u00e3o deste grave problema da cidade, seja da parte de quem for. A sociedade paga seus impostos, elege seus governantes e pol\u00edticos para ter respostas para essas demandas elementares e, no caso dos &#8220;bueiros sem tampa&#8221; \u00e9 essa a triste realidade que estamos vivendo faz muito tempo.&nbsp;<\/p>\n\n\n\n<p>S\u00e3o tantos os projetos de lei anunciados e aprovados no parlamento. Quando vai surgir um projeto de lei ou uma a\u00e7\u00e3o qualquer, positiva, eficiente, que trate esse problema grave com a responsabilidade que ele merece e d\u00ea a solu\u00e7\u00e3o?&nbsp;<\/p>\n\n\n\n<p>Senhores vereadores, quem rouba uma tampa de bueiro impunemente pode estar condenando uma vida \u00e0 morte ou a uma defici\u00eancia permanente. Tem que ser tratado como criminoso e punido&nbsp;exemplarmente. Ser\u00e1 que \u00e9 pedir muito?<\/p>\n\n\n\n<p>Aguardamos manifesta\u00e7\u00e3o.<\/p>\n","protected":false},"excerpt":{"rendered":"<p>Eu pediria aos vereadores que primeiramente olhassem para essa imagem simb\u00f3lica deste post. \u00c9 apenas 1 entre centenas de &#8220;bueiros sem tampa&#8221; espalhados pela cidade de Manaus. Com certeza essa imagem \u00e9 peculiar a todos os senhores faz muito tempo, at\u00e9\u00a0 mesmo antes do mandato que receberam do povo, quando devem ter reclamado muito e [&hellip;]<\/p>\n","protected":false},"author":2,"featured_media":1335,"comment_status":"open","ping_status":"open","sticky":false,"template":"","format":"standard","meta":{"om_disable_all_campaigns":false,"_monsterinsights_skip_tracking":false,"_monsterinsights_sitenote_active":false,"_monsterinsights_sitenote_note":"","_monsterinsights_sitenote_category":0,"footnotes":""},"categories":[43],"tags":[],"class_list":["post-1334","post","type-post","status-publish","format-standard","has-post-thumbnail","hentry","category-manaus"],"aioseo_notices":[],"_links":{"self":[{"href":"https:\/\/clubedabaladeira.com.br\/index.php\/wp-json\/wp\/v2\/posts\/1334","targetHints":{"allow":["GET"]}}],"collection":[{"href":"https:\/\/clubedabaladeira.com.br\/index.php\/wp-json\/wp\/v2\/posts"}],"about":[{"href":"https:\/\/clubedabaladeira.com.br\/index.php\/wp-json\/wp\/v2\/types\/post"}],"author":[{"embeddable":true,"href":"https:\/\/clubedabaladeira.com.br\/index.php\/wp-json\/wp\/v2\/users\/2"}],"replies":[{"embeddable":true,"href":"https:\/\/clubedabaladeira.com.br\/index.php\/wp-json\/wp\/v2\/comments?post=1334"}],"version-history":[{"count":4,"href":"https:\/\/clubedabaladeira.com.br\/index.php\/wp-json\/wp\/v2\/posts\/1334\/revisions"}],"predecessor-version":[{"id":1341,"href":"https:\/\/clubedabaladeira.com.br\/index.php\/wp-json\/wp\/v2\/posts\/1334\/revisions\/1341"}],"wp:featuredmedia":[{"embeddable":true,"href":"https:\/\/clubedabaladeira.com.br\/index.php\/wp-json\/wp\/v2\/media\/1335"}],"wp:attachment":[{"href":"https:\/\/clubedabaladeira.com.br\/index.php\/wp-json\/wp\/v2\/media?parent=1334"}],"wp:term":[{"taxonomy":"category","embeddable":true,"href":"https:\/\/clubedabaladeira.com.br\/index.php\/wp-json\/wp\/v2\/categories?post=1334"},{"taxonomy":"post_tag","embeddable":true,"href":"https:\/\/clubedabaladeira.com.br\/index.php\/wp-json\/wp\/v2\/tags?post=1334"}],"curies":[{"name":"wp","href":"https:\/\/api.w.org\/{rel}","templated":true}]}}