{"id":1327,"date":"2022-10-06T09:32:42","date_gmt":"2022-10-06T12:32:42","guid":{"rendered":"http:\/\/clubedabaladeira.com.br\/?p=1327"},"modified":"2022-10-06T09:32:43","modified_gmt":"2022-10-06T12:32:43","slug":"parintins-que-nos-amamos","status":"publish","type":"post","link":"https:\/\/clubedabaladeira.com.br\/index.php\/2022\/10\/06\/parintins-que-nos-amamos\/","title":{"rendered":"Parintins que n\u00f3s amamos&#8230;"},"content":{"rendered":"\n<p>Este post \u00e9 dirigido aos nossos pol\u00edticos e governantes. <\/p>\n\n\n\n<p>Estamos concluindo um ano eleitoral e breve vamos iniciar uma nova legislatura. Assim, inicialmente nossos parab\u00e9ns aos que conseguiram suas elei\u00e7\u00f5es ou reelei\u00e7\u00f5es. Esperamos que honrem os seus mandatos, lembrando sempre que est\u00e3o a servi\u00e7o do povo e n\u00e3o de um governo ou governador.<\/p>\n\n\n\n<p>Queremos aqui perguntar aos eleitos\/reeleitos: Munic\u00edpio de PARINTINS &#8211; como ser\u00e1 2023?\u00a0<\/p>\n\n\n<div class=\"wp-block-image is-style-rounded\">\n<figure class=\"alignleft size-thumbnail\"><img loading=\"lazy\" decoding=\"async\" width=\"150\" height=\"150\" src=\"http:\/\/clubedabaladeira.com.br\/wp-content\/uploads\/2022\/10\/BOI-PARNTINS-150x150.jpeg\" alt=\"\" class=\"wp-image-1330\" srcset=\"https:\/\/clubedabaladeira.com.br\/wp-content\/uploads\/2022\/10\/BOI-PARNTINS-150x150.jpeg 150w, https:\/\/clubedabaladeira.com.br\/wp-content\/uploads\/2022\/10\/BOI-PARNTINS-75x75.jpeg 75w, https:\/\/clubedabaladeira.com.br\/wp-content\/uploads\/2022\/10\/BOI-PARNTINS.jpeg 225w\" sizes=\"auto, (max-width: 150px) 100vw, 150px\" \/><\/figure>\n<\/div>\n\n\n<p>N\u00e3o sou de Parintins, n\u00e3o nasci e n\u00e3o moro em Parintins. Mas, como todos os amazonenses, amamos essa terra e o seu povo acolhedor e guerreiro. Entendo que \u00a0a cidade de Parintins, pela dimens\u00e3o e a for\u00e7a do seu Festival dos Bois, j\u00e1 era para ser, indiscutivelmente, uma cidade modelo do interior do Amazonas e n\u00e3o uma cidade que vive pedindo socorro em praticamente tudo.<\/p>\n\n\n\n<p>No \u00faltimo festival, parte do povo da cidade viveu esses dias com suas casas invadidas pela enchente. Ano eleitoral e todos correram para se solidarizar com as fam\u00edlias atingidas. Assistimos cenas comoventes, dignas de um ano eleitoral disputad\u00edssimo em todos os sentidos. <\/p>\n\n\n\n<p>N\u00e3o nos venham eles agora dizer que a enchente tem todos os anos e que a natureza \u00e9 imprevis\u00edvel. Ora bolas &#8211; o festival tem todo ano e nunca falta dinheiro (e n\u00e3o \u00e9 pouco) para bancar a apresenta\u00e7\u00e3o dos bois, fazer os remendos e a faxina da Arena, maquilar a cidade em seu entorno, lavar e colorir as ruas e ainda bancar as mordomias de muitos convidados supostamente vips (?).<\/p>\n\n\n\n<p>E n\u00e3o \u00e9 s\u00f3 isso minha gente &#8211; \u00e9 o povo que paga uma fatia gorda dessa conta. Em contrapartida, esse povo nunca fica sabendo quanto custou e em que foi gasto cada centavo que saiu do seu\u00a0bolso. Na verdade, sem querer ofender aos nossos pol\u00edticos, nem eles mesmos, como fiscais do povo, ficam sabendo ou se interessam de fato por conhecer e dar publicidade a essa presta\u00e7\u00e3o de contas do Festival ano a ano. Antes que algum venha a dizer que isso \u00e9 problema do TCE e n\u00e3o dos pol\u00edticos, adianto que seria uma resposta c\u00ednica e n\u00e3o convincente por v\u00e1rios motivos.<\/p>\n\n\n\n<p>O certo \u00e9 que a cada ano que passa \u00e9 a mesma ladainha, a mesma conversa fiada de sempre. Ningu\u00e9m presta conta de coisa alguma. N\u00e3o h\u00e1, at\u00e9 prova em contr\u00e1rio &#8211; TRANSPAR\u00caNCIA. Ali\u00e1s, nunca ningu\u00e9m esclareceu como \u00e9 que o Estado e o Munic\u00edpio conseguem injetar dinheiro p\u00fablico nas agremia\u00e7\u00f5es do Boi, com essas agremia\u00e7\u00f5es acumulando d\u00edvidas de encargos de toda natureza. N\u00e3o poderiam receber nenhum centavo de dinheiro p\u00fablico, creio eu. Estamos vendo os Bois perdendo seus bens\/m\u00f3veis em leil\u00f5es. Uma vergonha! Onde est\u00e1 o TCE nessa hora? Onde est\u00e3o os fiscais do povo?<\/p>\n\n\n\n<p>Ano que vem, 2023, n\u00e3o teremos disputa eleitoral. Significa dizer que os pol\u00edticos e os governantes n\u00e3o estar\u00e3o assim t\u00e3o interessados ou empenhados pelo festival. Mas, uma coisa \u00e9 certa \u2013 o festival vai acontecer, vai ter dinheiro para os Bois, para a faxina da Arena, para a maquiagem de sempre em seu entorno para receber os visitantes, sem esquecer as mordomias dos convidados supostamente vips, que passam ali alguns dias maravilhosos de divers\u00e3o e cultura e depois simplesmente v\u00e3o embora sem saber e sem conhecer a realidade do povo que abriga esse evento mundialmente reconhecido.<\/p>\n\n\n\n<p>A pergunta ao futuro governante e pol\u00edticos eleitos e reeleitos \u00e9: o que existe de real e de concreto para melhorar as condi\u00e7\u00f5es de vida do povo de Parintins j\u00e1 para o pr\u00f3ximo festival? O que os visitantes e convidados v\u00e3o encontrar na cidade de Parintins como melhorias concretas de infraestrutura e outras coisas mais para o seu povo, e n\u00e3o s\u00f3 aquelas que s\u00f3 acontecem enquanto dura o festival? Ser\u00e1 que existe alguma coisa de fato, de concreto e definitivo para se comemorar no pr\u00f3ximo festival em benef\u00edcio do povo de Parintins?<\/p>\n\n\n\n<p>E antes que eu esque\u00e7a:<\/p>\n\n\n\n<p>&#8211; O porto de Parintins vai passar por adequa\u00e7\u00f5es, melhorias ou vai continuar com as mesmas mazelas de sempre, com riscos de ser interditado como foi da \u00faltima vez? Colocar a culpa s\u00f3 nas autoridades pela interdi\u00e7\u00e3o ou persegui\u00e7\u00e3o, \u00e9 brincar com a nossa intelig\u00eancia, \u00e9 nos tratar como bobos ou idiotas.<\/p>\n\n\n\n<p>&#8211; Recentemente tivemos uma trag\u00e9dia no festival\u00a0da Ciranda em Manacapuru. Tudo por conta de uma alegoria que despencou de uma certa altura, j\u00e1 enlutou fam\u00edlia e vai deixar vitimas com sequelas pelo resto da vida. Quem sabe um dia se chegue \u00e0s verdadeiras causas e aos culpados.\u00a0Quem sabe as vitimas venham a ser indenizadas por tamanha irresponsabilidade. Que sirva de alerta! No caso do Festival de Parintins, onde h\u00e1 recursos p\u00fablicos envolvidos, por acaso as autoridades sabem dizer em que condi\u00e7\u00f5es est\u00e3o os equipamentos e as estruturas que s\u00e3o reaproveitadas e\/ou usadas para a cria\u00e7\u00e3o e apresenta\u00e7\u00e3o das alegorias dos Bois? Perguntar n\u00e3o ofende e prevenir trag\u00e9dias \u00e9 sempre bom para o nome do Festival e do pr\u00f3prio Estado e Munic\u00edpio.\u00a0<\/p>\n\n\n\n<p>Finalizando, vamos aguardar o que as autoridades e os pol\u00edticos tem a nos dizer em termos de  benef\u00edcios reais e concretos para o povo da cidade de Parintins em 2023 e n\u00e3o apenas para a semana do Festival dos Bois que vir\u00e1. Ser\u00e1 que \u00e9 pedir muito? <\/p>\n","protected":false},"excerpt":{"rendered":"<p>Este post \u00e9 dirigido aos nossos pol\u00edticos e governantes. Estamos concluindo um ano eleitoral e breve vamos iniciar uma nova legislatura. Assim, inicialmente nossos parab\u00e9ns aos que conseguiram suas elei\u00e7\u00f5es ou reelei\u00e7\u00f5es. Esperamos que honrem os seus mandatos, lembrando sempre que est\u00e3o a servi\u00e7o do povo e n\u00e3o de um governo ou governador. Queremos aqui [&hellip;]<\/p>\n","protected":false},"author":2,"featured_media":1328,"comment_status":"open","ping_status":"open","sticky":false,"template":"","format":"standard","meta":{"om_disable_all_campaigns":false,"_monsterinsights_skip_tracking":false,"_monsterinsights_sitenote_active":false,"_monsterinsights_sitenote_note":"","_monsterinsights_sitenote_category":0,"footnotes":""},"categories":[44],"tags":[],"class_list":["post-1327","post","type-post","status-publish","format-standard","has-post-thumbnail","hentry","category-politica"],"aioseo_notices":[],"_links":{"self":[{"href":"https:\/\/clubedabaladeira.com.br\/index.php\/wp-json\/wp\/v2\/posts\/1327","targetHints":{"allow":["GET"]}}],"collection":[{"href":"https:\/\/clubedabaladeira.com.br\/index.php\/wp-json\/wp\/v2\/posts"}],"about":[{"href":"https:\/\/clubedabaladeira.com.br\/index.php\/wp-json\/wp\/v2\/types\/post"}],"author":[{"embeddable":true,"href":"https:\/\/clubedabaladeira.com.br\/index.php\/wp-json\/wp\/v2\/users\/2"}],"replies":[{"embeddable":true,"href":"https:\/\/clubedabaladeira.com.br\/index.php\/wp-json\/wp\/v2\/comments?post=1327"}],"version-history":[{"count":3,"href":"https:\/\/clubedabaladeira.com.br\/index.php\/wp-json\/wp\/v2\/posts\/1327\/revisions"}],"predecessor-version":[{"id":1332,"href":"https:\/\/clubedabaladeira.com.br\/index.php\/wp-json\/wp\/v2\/posts\/1327\/revisions\/1332"}],"wp:featuredmedia":[{"embeddable":true,"href":"https:\/\/clubedabaladeira.com.br\/index.php\/wp-json\/wp\/v2\/media\/1328"}],"wp:attachment":[{"href":"https:\/\/clubedabaladeira.com.br\/index.php\/wp-json\/wp\/v2\/media?parent=1327"}],"wp:term":[{"taxonomy":"category","embeddable":true,"href":"https:\/\/clubedabaladeira.com.br\/index.php\/wp-json\/wp\/v2\/categories?post=1327"},{"taxonomy":"post_tag","embeddable":true,"href":"https:\/\/clubedabaladeira.com.br\/index.php\/wp-json\/wp\/v2\/tags?post=1327"}],"curies":[{"name":"wp","href":"https:\/\/api.w.org\/{rel}","templated":true}]}}