{"id":1315,"date":"2022-09-17T17:16:39","date_gmt":"2022-09-17T20:16:39","guid":{"rendered":"http:\/\/clubedabaladeira.com.br\/?p=1315"},"modified":"2022-09-17T17:16:40","modified_gmt":"2022-09-17T20:16:40","slug":"parque-jefferson-peres-vai-ser-revitalizado","status":"publish","type":"post","link":"https:\/\/clubedabaladeira.com.br\/index.php\/2022\/09\/17\/parque-jefferson-peres-vai-ser-revitalizado\/","title":{"rendered":"PARQUE JEFFERSON PERES vai ser revitalizado&#8230;."},"content":{"rendered":"\n<p>Aleluia! Prefeitura anuncia a revitaliza\u00e7\u00e3o do Parque Jefferson Peres. <\/p>\n\n\n<div class=\"wp-block-image is-style-rounded\">\n<figure class=\"alignleft size-thumbnail\"><img loading=\"lazy\" decoding=\"async\" width=\"150\" height=\"150\" src=\"http:\/\/clubedabaladeira.com.br\/wp-content\/uploads\/2022\/09\/PARQUE-J-PERES--150x150.jpeg\" alt=\"\" class=\"wp-image-1317\" srcset=\"https:\/\/clubedabaladeira.com.br\/wp-content\/uploads\/2022\/09\/PARQUE-J-PERES--150x150.jpeg 150w, https:\/\/clubedabaladeira.com.br\/wp-content\/uploads\/2022\/09\/PARQUE-J-PERES--75x75.jpeg 75w, https:\/\/clubedabaladeira.com.br\/wp-content\/uploads\/2022\/09\/PARQUE-J-PERES--350x350.jpeg 350w\" sizes=\"auto, (max-width: 150px) 100vw, 150px\" \/><\/figure>\n<\/div>\n\n\n<p>Segundo notici\u00e1rios, ser\u00e1 realizado um investimento de mais de 3 milh\u00f5es de reais. \u00c9 dinheiro p\u00fablico destinado para fazer as coisas bem feitas e n\u00e3o apenas aquela maquilagem sem-vergonha que estamos acostumados a ver sempre e mais remendos aqui e acol\u00e1. <\/p>\n\n\n\n<p>\u00c9 hora de pedir para que essa penca de vereadores de Manaus, 41, exer\u00e7am com dignidade o papel de fiscais do povo. Que pe\u00e7am imediatamente da Prefeitura uma c\u00f3pia do projeto b\u00e1sico do que est\u00e1 previsto fazer com esses 3 milh\u00f5es no Parque. Confiram a forma de contrata\u00e7\u00e3o dessa obra, no sentido da total transpar\u00eancia, afinal, \u00e9 um dever tanto de quem vai executar (Prefeitura) como de quem vai fiscalizar em nome do povo (Vereadores). Que os vereadores, coloquem seus assessores parlamentares mais comprometidos com o bem p\u00fablico para acompanhar o dia a dia das obras e cobrem para sair uma coisa decente, bem feita e de qualidade como a comunidade amazonense de fato merece. Ser\u00e1 que \u00e9 pedir muito? <\/p>\n\n\n\n<p>Hora de pedir tamb\u00e9m ao povo, em particular aos moradores das proximidades, assim como aos frequentadores mais ass\u00edduos desse belo Parque, que fiquem atentos a essas obras de revitaliza\u00e7\u00e3o. Ajudem a fazer uma fiscaliza\u00e7\u00e3o s\u00e9ria e sem tr\u00e9guas, afinal, cada centavo desses mais de 3 milh\u00f5es a serem investidos vai sair dos nossos bolsos e n\u00e3o do bolso do Prefeito de Manaus. Olho nessa obra para que seja feito o melhor e com qualidade acima de tudo.<\/p>\n","protected":false},"excerpt":{"rendered":"<p>Aleluia! Prefeitura anuncia a revitaliza\u00e7\u00e3o do Parque Jefferson Peres. Segundo notici\u00e1rios, ser\u00e1 realizado um investimento de mais de 3 milh\u00f5es de reais. \u00c9 dinheiro p\u00fablico destinado para fazer as coisas bem feitas e n\u00e3o apenas aquela maquilagem sem-vergonha que estamos acostumados a ver sempre e mais remendos aqui e acol\u00e1. \u00c9 hora de pedir para [&hellip;]<\/p>\n","protected":false},"author":2,"featured_media":1316,"comment_status":"open","ping_status":"open","sticky":false,"template":"","format":"standard","meta":{"om_disable_all_campaigns":false,"_monsterinsights_skip_tracking":false,"_monsterinsights_sitenote_active":false,"_monsterinsights_sitenote_note":"","_monsterinsights_sitenote_category":0,"footnotes":""},"categories":[43],"tags":[],"class_list":["post-1315","post","type-post","status-publish","format-standard","has-post-thumbnail","hentry","category-manaus"],"aioseo_notices":[],"_links":{"self":[{"href":"https:\/\/clubedabaladeira.com.br\/index.php\/wp-json\/wp\/v2\/posts\/1315","targetHints":{"allow":["GET"]}}],"collection":[{"href":"https:\/\/clubedabaladeira.com.br\/index.php\/wp-json\/wp\/v2\/posts"}],"about":[{"href":"https:\/\/clubedabaladeira.com.br\/index.php\/wp-json\/wp\/v2\/types\/post"}],"author":[{"embeddable":true,"href":"https:\/\/clubedabaladeira.com.br\/index.php\/wp-json\/wp\/v2\/users\/2"}],"replies":[{"embeddable":true,"href":"https:\/\/clubedabaladeira.com.br\/index.php\/wp-json\/wp\/v2\/comments?post=1315"}],"version-history":[{"count":3,"href":"https:\/\/clubedabaladeira.com.br\/index.php\/wp-json\/wp\/v2\/posts\/1315\/revisions"}],"predecessor-version":[{"id":1320,"href":"https:\/\/clubedabaladeira.com.br\/index.php\/wp-json\/wp\/v2\/posts\/1315\/revisions\/1320"}],"wp:featuredmedia":[{"embeddable":true,"href":"https:\/\/clubedabaladeira.com.br\/index.php\/wp-json\/wp\/v2\/media\/1316"}],"wp:attachment":[{"href":"https:\/\/clubedabaladeira.com.br\/index.php\/wp-json\/wp\/v2\/media?parent=1315"}],"wp:term":[{"taxonomy":"category","embeddable":true,"href":"https:\/\/clubedabaladeira.com.br\/index.php\/wp-json\/wp\/v2\/categories?post=1315"},{"taxonomy":"post_tag","embeddable":true,"href":"https:\/\/clubedabaladeira.com.br\/index.php\/wp-json\/wp\/v2\/tags?post=1315"}],"curies":[{"name":"wp","href":"https:\/\/api.w.org\/{rel}","templated":true}]}}