{"id":1302,"date":"2022-09-17T15:41:54","date_gmt":"2022-09-17T18:41:54","guid":{"rendered":"http:\/\/clubedabaladeira.com.br\/?p=1302"},"modified":"2022-09-17T15:41:55","modified_gmt":"2022-09-17T18:41:55","slug":"amarelinhos-quem-vai-abrir-essa-caixa-preta","status":"publish","type":"post","link":"https:\/\/clubedabaladeira.com.br\/index.php\/2022\/09\/17\/amarelinhos-quem-vai-abrir-essa-caixa-preta\/","title":{"rendered":"AMARELINHOS, quem vai abrir essa caixa preta&#8230;"},"content":{"rendered":"\n<p>Que merda! Permission\u00e1rios do sistema de transporte alternativo resolveram fazer greve em preju\u00edzo dos usu\u00e1rios servidos por esse sistema de transporte que \u00e9 muito ruim e uma verdadeira caixa preta. <\/p>\n\n\n<div class=\"wp-block-image is-style-rounded\">\n<figure class=\"alignleft size-thumbnail\"><img loading=\"lazy\" decoding=\"async\" width=\"150\" height=\"150\" src=\"http:\/\/clubedabaladeira.com.br\/wp-content\/uploads\/2022\/09\/ALTERNATIVO-1-150x150.jpeg\" alt=\"\" class=\"wp-image-1310\" srcset=\"https:\/\/clubedabaladeira.com.br\/wp-content\/uploads\/2022\/09\/ALTERNATIVO-1-150x150.jpeg 150w, https:\/\/clubedabaladeira.com.br\/wp-content\/uploads\/2022\/09\/ALTERNATIVO-1-75x75.jpeg 75w, https:\/\/clubedabaladeira.com.br\/wp-content\/uploads\/2022\/09\/ALTERNATIVO-1-350x350.jpeg 350w\" sizes=\"auto, (max-width: 150px) 100vw, 150px\" \/><\/figure>\n<\/div>\n\n\n<p>Nesse sistema acontece de tudo. N\u00e3o querendo aqui, obviamente, generalizar, mas essa \u00e9 a realidade. Tem permission\u00e1rio que leva a s\u00e9rio o atendimento aos usu\u00e1rios. Mas, por falta de uma fiscaliza\u00e7\u00e3o s\u00e9ria e decente, acabam sendo prejudicados pelos p\u00e9ssimos permission\u00e1rios.  <\/p>\n\n\n\n<p>Recentemente a m\u00eddia mostrou a retirada de circula\u00e7\u00e3o de v\u00e1rios ve\u00edculos em p\u00e9ssimas condi\u00e7\u00f5es de uso. Diante do cen\u00e1rio obscuro desse sistema, provavelmente todos j\u00e1 voltaram a circular normalmente. Tem jeitinho para tudo nessa terra da impunidade. Esses coletivos s\u00e3o conduzidos por alguns motoristas mal educados, grosseiros e alguns at\u00e9 sem carteira de habilita\u00e7\u00e3o. Circulam feito loucos nas vias, num disputa infernal  por passageiros nas paradas. Alguns n\u00e3o respeitam o fato de que n\u00e3o podem ou n\u00e3o devem circular com gente de p\u00e9 dentro do coletivo. Cad\u00ea a fiscaliza\u00e7\u00e3o para impedir esses abusos. <\/p>\n\n\n\n<p>O Prefeito da cidade prometeu uma nova licita\u00e7\u00e3o. A merda \u00e9 uma nova licita\u00e7\u00e3o para colocar o sistema nas m\u00e3os dos mesmos permission\u00e1rios. Nada \u00e9 imposs\u00edvel  e isso n\u00e3o est\u00e1 descartado. Afinal, minha gente, isso aqui \u00e9 Brasil.<\/p>\n\n\n\n<p>Em resumo, ainda est\u00e1 por aparecer  uma autoridade, uma entidade ou politicos, que enfrentem esse sistema, abram essa caixa preta para saber quem \u00e9 quem, de modo a moraliz\u00e1-lo  em prol dos seus usu\u00e1rios.<\/p>\n","protected":false},"excerpt":{"rendered":"<p>Que merda! Permission\u00e1rios do sistema de transporte alternativo resolveram fazer greve em preju\u00edzo dos usu\u00e1rios servidos por esse sistema de transporte que \u00e9 muito ruim e uma verdadeira caixa preta. Nesse sistema acontece de tudo. N\u00e3o querendo aqui, obviamente, generalizar, mas essa \u00e9 a realidade. Tem permission\u00e1rio que leva a s\u00e9rio o atendimento aos usu\u00e1rios. [&hellip;]<\/p>\n","protected":false},"author":2,"featured_media":1303,"comment_status":"open","ping_status":"open","sticky":false,"template":"","format":"standard","meta":{"om_disable_all_campaigns":false,"_monsterinsights_skip_tracking":false,"_monsterinsights_sitenote_active":false,"_monsterinsights_sitenote_note":"","_monsterinsights_sitenote_category":0,"footnotes":""},"categories":[43],"tags":[],"class_list":["post-1302","post","type-post","status-publish","format-standard","has-post-thumbnail","hentry","category-manaus"],"aioseo_notices":[],"_links":{"self":[{"href":"https:\/\/clubedabaladeira.com.br\/index.php\/wp-json\/wp\/v2\/posts\/1302","targetHints":{"allow":["GET"]}}],"collection":[{"href":"https:\/\/clubedabaladeira.com.br\/index.php\/wp-json\/wp\/v2\/posts"}],"about":[{"href":"https:\/\/clubedabaladeira.com.br\/index.php\/wp-json\/wp\/v2\/types\/post"}],"author":[{"embeddable":true,"href":"https:\/\/clubedabaladeira.com.br\/index.php\/wp-json\/wp\/v2\/users\/2"}],"replies":[{"embeddable":true,"href":"https:\/\/clubedabaladeira.com.br\/index.php\/wp-json\/wp\/v2\/comments?post=1302"}],"version-history":[{"count":7,"href":"https:\/\/clubedabaladeira.com.br\/index.php\/wp-json\/wp\/v2\/posts\/1302\/revisions"}],"predecessor-version":[{"id":1314,"href":"https:\/\/clubedabaladeira.com.br\/index.php\/wp-json\/wp\/v2\/posts\/1302\/revisions\/1314"}],"wp:featuredmedia":[{"embeddable":true,"href":"https:\/\/clubedabaladeira.com.br\/index.php\/wp-json\/wp\/v2\/media\/1303"}],"wp:attachment":[{"href":"https:\/\/clubedabaladeira.com.br\/index.php\/wp-json\/wp\/v2\/media?parent=1302"}],"wp:term":[{"taxonomy":"category","embeddable":true,"href":"https:\/\/clubedabaladeira.com.br\/index.php\/wp-json\/wp\/v2\/categories?post=1302"},{"taxonomy":"post_tag","embeddable":true,"href":"https:\/\/clubedabaladeira.com.br\/index.php\/wp-json\/wp\/v2\/tags?post=1302"}],"curies":[{"name":"wp","href":"https:\/\/api.w.org\/{rel}","templated":true}]}}