{"id":1293,"date":"2022-09-17T12:48:16","date_gmt":"2022-09-17T15:48:16","guid":{"rendered":"http:\/\/clubedabaladeira.com.br\/?p=1293"},"modified":"2022-09-17T17:34:36","modified_gmt":"2022-09-17T20:34:36","slug":"animais-de-rua-clamam-protecao","status":"publish","type":"post","link":"https:\/\/clubedabaladeira.com.br\/index.php\/2022\/09\/17\/animais-de-rua-clamam-protecao\/","title":{"rendered":"ANIMAIS DE RUA clamam prote\u00e7\u00e3o&#8230;"},"content":{"rendered":"\n<p>Ano eleitoral e surgem os falsos protetores de animais na ca\u00e7a fren\u00e9tica de votos para se eleger ou reeleger.<\/p>\n\n\n<div class=\"wp-block-image is-style-rounded\">\n<figure class=\"alignleft size-thumbnail\"><img loading=\"lazy\" decoding=\"async\" width=\"150\" height=\"150\" src=\"http:\/\/clubedabaladeira.com.br\/wp-content\/uploads\/2022\/09\/PROTEC\u0327A\u0303O-ANIMAL-1-150x150.jpeg\" alt=\"\" class=\"wp-image-1298\" srcset=\"https:\/\/clubedabaladeira.com.br\/wp-content\/uploads\/2022\/09\/PROTEC\u0327A\u0303O-ANIMAL-1-150x150.jpeg 150w, https:\/\/clubedabaladeira.com.br\/wp-content\/uploads\/2022\/09\/PROTEC\u0327A\u0303O-ANIMAL-1-75x75.jpeg 75w\" sizes=\"auto, (max-width: 150px) 100vw, 150px\" \/><\/figure>\n<\/div>\n\n\n<p>Tem muita gente ruim nesse meio.  Mas, tamb\u00e9m tem muito gente boa trabalhando feito guerreiros por essa causa nobre na cidade de Manaus. N\u00e3o \u00e9 nada f\u00e1cil. Basta observar nas redes sociais o que acontece no dia a dia dessa quest\u00e3o que ainda nos proporciona mais dessabores do que  mesmo alegrias. Por\u00e9m &#8211; desanimar jamais! <\/p>\n\n\n\n<p>Est\u00e1 mais do que na hora de cobrarmos do poder p\u00fablico e dos pol\u00edticos, a\u00e7\u00f5es reais, pol\u00edticas p\u00fablicas decentes e investimentos adequados para essa quest\u00e3o da prote\u00e7\u00e3o aos animais de rua. Tem algumas coisas positivas acontecendo. Temos tido avan\u00e7os que n\u00e3o podemos deixar de reconhecer e aplaudir. O animal dom\u00e9stico e seus tutores, principalmente os menos afortunados, agora  possuem mais apoio para situa\u00e7\u00f5es b\u00e1sicos, como o de castra\u00e7\u00e3o, por exemplo. E os animais de rua, o que tem sido feito por eles? Temos visto muitos resgates de animais dom\u00e9sticos, cujos tutores s\u00e3o denunciados por maus tratos. E os animais perdidos, abandonados, que j\u00e1 nascem nas ruas, perambulam pela cidade na ca\u00e7a desesperada por alimento e \u00e1gua &#8211; o que se tem feito de fato e de real por eles?<\/p>\n\n\n\n<p>Neste Estado tem dinheiro para tudo. As agremia\u00e7\u00f5es de BOIS BUMB\u00c1, que enganam seus empregados e n\u00e3o pagam suas d\u00edvidas trabalhistas, tem dinheiro p\u00fablico todo ano e n\u00e3o \u00e9 pouco. As agremia\u00e7\u00f5es de CIRANDA, que n\u00e3o zelam pela seguran\u00e7a dos seus cirandeiros (este ano teve at\u00e9 trag\u00e9dia), tamb\u00e9m recebem dinheiro p\u00fablico. A CAMARA MUNICIPAL DE MANAUS, pasmem, usa cinicamente dinheiro publico para dar aos vereadores uma mochila com o famigerado KIT SELFIE. A PREFEITURA de MANAUS e o ESTADO arrumam dinheiro p\u00fablico para bancar artistas nacionais e internacionais em eventos que custam verdadeiras fortunas, onde cada centavo gasto sai dos nossos bolsos.  <\/p>\n\n\n\n<p>Da\u00ed se pergunta: o que falta para arrumar verba p\u00fablica para cuidar dos animais de rua? O que falta para vereadores, deputados e senadores, que se promovem politicamente em cima de EMENDAS PARLAMENTARES, destinarem verbas para a quest\u00e3o dos animais de rua? Lembrar  que estamos falando de algo que \u00e9 dever do poder p\u00fablico dar solu\u00e7\u00e3o. Falta na verdade, vergonha e comprometimento com essa causa.<\/p>\n\n\n\n<p>Finalizando, n\u00e3o podemos esquecer a parte do cidad\u00e3o,  Vamos unir esfor\u00e7os, bater forte nesse TEMA e cobrar que o poder p\u00fablico fa\u00e7a a sua parte com rela\u00e7\u00e3o aos animais de rua. E tamb\u00e9m cobrarmos a\u00e7\u00e3o en\u00e9rgica da justi\u00e7a, com puni\u00e7\u00f5es severas e exemplares para quem abandona e maltrata qualquer animal.<\/p>\n","protected":false},"excerpt":{"rendered":"<p>Ano eleitoral e surgem os falsos protetores de animais na ca\u00e7a fren\u00e9tica de votos para se eleger ou reeleger. Tem muita gente ruim nesse meio. Mas, tamb\u00e9m tem muito gente boa trabalhando feito guerreiros por essa causa nobre na cidade de Manaus. N\u00e3o \u00e9 nada f\u00e1cil. Basta observar nas redes sociais o que acontece no [&hellip;]<\/p>\n","protected":false},"author":2,"featured_media":1297,"comment_status":"open","ping_status":"open","sticky":false,"template":"","format":"standard","meta":{"om_disable_all_campaigns":false,"_monsterinsights_skip_tracking":false,"_monsterinsights_sitenote_active":false,"_monsterinsights_sitenote_note":"","_monsterinsights_sitenote_category":0,"footnotes":""},"categories":[43],"tags":[],"class_list":["post-1293","post","type-post","status-publish","format-standard","has-post-thumbnail","hentry","category-manaus"],"aioseo_notices":[],"_links":{"self":[{"href":"https:\/\/clubedabaladeira.com.br\/index.php\/wp-json\/wp\/v2\/posts\/1293","targetHints":{"allow":["GET"]}}],"collection":[{"href":"https:\/\/clubedabaladeira.com.br\/index.php\/wp-json\/wp\/v2\/posts"}],"about":[{"href":"https:\/\/clubedabaladeira.com.br\/index.php\/wp-json\/wp\/v2\/types\/post"}],"author":[{"embeddable":true,"href":"https:\/\/clubedabaladeira.com.br\/index.php\/wp-json\/wp\/v2\/users\/2"}],"replies":[{"embeddable":true,"href":"https:\/\/clubedabaladeira.com.br\/index.php\/wp-json\/wp\/v2\/comments?post=1293"}],"version-history":[{"count":4,"href":"https:\/\/clubedabaladeira.com.br\/index.php\/wp-json\/wp\/v2\/posts\/1293\/revisions"}],"predecessor-version":[{"id":1301,"href":"https:\/\/clubedabaladeira.com.br\/index.php\/wp-json\/wp\/v2\/posts\/1293\/revisions\/1301"}],"wp:featuredmedia":[{"embeddable":true,"href":"https:\/\/clubedabaladeira.com.br\/index.php\/wp-json\/wp\/v2\/media\/1297"}],"wp:attachment":[{"href":"https:\/\/clubedabaladeira.com.br\/index.php\/wp-json\/wp\/v2\/media?parent=1293"}],"wp:term":[{"taxonomy":"category","embeddable":true,"href":"https:\/\/clubedabaladeira.com.br\/index.php\/wp-json\/wp\/v2\/categories?post=1293"},{"taxonomy":"post_tag","embeddable":true,"href":"https:\/\/clubedabaladeira.com.br\/index.php\/wp-json\/wp\/v2\/tags?post=1293"}],"curies":[{"name":"wp","href":"https:\/\/api.w.org\/{rel}","templated":true}]}}