{"id":1279,"date":"2022-07-18T20:09:55","date_gmt":"2022-07-18T23:09:55","guid":{"rendered":"http:\/\/clubedabaladeira.com.br\/?p=1279"},"modified":"2022-09-02T00:13:43","modified_gmt":"2022-09-02T03:13:43","slug":"recuperacao-de-vocorocas","status":"publish","type":"post","link":"https:\/\/clubedabaladeira.com.br\/index.php\/2022\/07\/18\/recuperacao-de-vocorocas\/","title":{"rendered":"RECUPERA\u00c7\u00c3O DE VO\u00c7OROCAS"},"content":{"rendered":"\n<p>A Prefeitura vem propagando nas redes sociais que est\u00e1 trabalhando .pesado na recupera\u00e7\u00e3o de VO\u00c7OROCAS. \u00c9 dinheiro p\u00fablico que est\u00e1 saindo do nosso bolso, para ser gasto com PROPAGANDA para anunciar algo que \u00e9 DEVER SAGRADO do poder p\u00fablico.<\/p>\n\n\n\n<p>Perguntar n\u00e3o ofende: os FISCAIS DO POVO &#8211; 41 VEREADORES, ser\u00e1 que eles sabem o que \u00e9 VO\u00c7OROCA? Quais desses vereadores j\u00e1 foram visitar uma vo\u00e7oroca com seu KIT SELFIE para fazer uma live e muitas selfies com a Vo\u00e7oroca de fundo e o Prefeito a tiracolo?<\/p>\n\n\n\n<p>VO\u00c7OROCA \u00e9 o agigantamento das eros\u00f5es que o poder p\u00fablico sabe que existe, sabe onde est\u00e3o, mas n\u00e3o age para prevenir. Normalmente s\u00f3 age depois das trag\u00e9dias, para a enorme alegria das empreiteiras chamadas a resolver o problema em car\u00e1ter emergencial. A PREFEITURA est\u00e1 mostrando VO\u00c7OROCAS em encostas com inclina\u00e7\u00e3o que entendo superior a 45 graus. Nesse caso elas s\u00e3o colocadas, salvo melhor ju\u00edzo, na condi\u00e7\u00e3o de A.P.P. (\u00c1reas de Preserva\u00e7\u00e3o Permanente) e obviamente como &#8220;\u00e1reas de risco&#8221;. Pela pr\u00f3pria lei ambiental, significa dizer que n\u00e3o podem construir \u00e1reas de lazer, parquinhos ou coisas parecidas nessas \u00e1reas. Uma vez recuperadas, as a\u00e7\u00f5es antropol\u00f3gicas de ocupa\u00e7\u00e3o s\u00e3o VEDADAS pela LEI.<\/p>\n\n\n\n<p>Esse tema &#8220;\u00e1reas de risco&#8221; nos faz lembrar um video e uma frase de Amazonino Mendes que ganhou o mundo &#8211; Ent\u00e3o morra! Irritado num di\u00e1logo com uma moradora de uma dessas \u00e1reas na cidade, acabou lhe dirigindo essa frase, depois de insistir que a mesma deveria deixar aquele local. Seus advers\u00e1rios pol\u00edticos deitaram e rolaram em cima desse epis\u00f3dio.<\/p>\n\n\n\n<p>Uma outra pergunta: ser\u00e1 que o CONTRIBUINTE que paga essa conta tem ideia de quanto custa a recupera\u00e7\u00e3o de uma VO\u00c7OROCA? Quando se fala em valores \u00e9 sempre um mist\u00e9rio. Nesse item a transpar\u00eancia \u00e9 ZERO! O PREFEITO se promove em cima dessas a\u00e7\u00f5es pesadas para os nossos bolsos, mas n\u00e3o fala dos CUSTOS nem dos PRINCIPAIS CAUSADORES desses crimes ambientais. Na verdade n\u00e3o vai falar nada nunca, pois, um dos principais culpados e respons\u00e1veis por essas vo\u00e7orocas \u00e9 a PR\u00d3PRIA PREFEITURA. Elas surgem por \u00e1guas lan\u00e7adas de redes constru\u00eddas ou autorizadas, PASMEM, pela pr\u00f3pria Prefeitura. E fica por isso mesmo. O contribuinte que se lasque.<\/p>\n\n\n<div class=\"wp-block-image is-style-rounded\">\n<figure class=\"alignleft size-thumbnail\"><img loading=\"lazy\" decoding=\"async\" width=\"150\" height=\"150\" src=\"http:\/\/clubedabaladeira.com.br\/wp-content\/uploads\/2022\/07\/JUIZ-CARIM-150x150.jpeg\" alt=\"\" class=\"wp-image-1282\" srcset=\"https:\/\/clubedabaladeira.com.br\/wp-content\/uploads\/2022\/07\/JUIZ-CARIM-150x150.jpeg 150w, https:\/\/clubedabaladeira.com.br\/wp-content\/uploads\/2022\/07\/JUIZ-CARIM-75x75.jpeg 75w, https:\/\/clubedabaladeira.com.br\/wp-content\/uploads\/2022\/07\/JUIZ-CARIM-350x350.jpeg 350w\" sizes=\"auto, (max-width: 150px) 100vw, 150px\" \/><\/figure>\n<\/div>\n\n\n<p>Falando ainda de vo\u00e7oroca\/\u00e1rea de risco, \u00e9 sempre gratificante lembrar do Juiz ADALBERTO CARIM. Quem lembra dessa figura impar que nos deixou ainda t\u00e3o novo. Tenho orgulho de dizer que foi meu aluno no Col\u00e9gio Dom Bosco. \u00c9 dele a senten\u00e7a de condena\u00e7\u00e3o da Prefeitura para a retirada das pessoas das \u00e1reas de risco da cidade, a partir de uma a\u00e7\u00e3o do Procurador do MP-AM, Dr. Paulo St\u00e9lio Sabb\u00e1 Guimar\u00e3es, se n\u00e3o me falha a mem\u00f3ria.<\/p>\n\n\n\n<p>E da\u00ed uma nova pergunta: &#8211; retiraram as pessoas das \u00e1reas de risco pertinentes? Se o juiz morre, suas senten\u00e7as n\u00e3o executadas tamb\u00e9m morrem junto? Parece uma pergunta idiota.  Mas, isso aqui \u00e9 Brasil minha gente, onde tudo pode acontecer. Ora, se a Prefeitura est\u00e1 condenada a retirar as pessoas das \u00e1reas de risco, o que est\u00e1 fazendo agora o atual Prefeito construindo \u00e1reas de lazer em \u00e1reas de risco? Perguntar n\u00e3o ofende n\u00e9!<\/p>\n\n\n\n<p><\/p>\n","protected":false},"excerpt":{"rendered":"<p>A Prefeitura vem propagando nas redes sociais que est\u00e1 trabalhando .pesado na recupera\u00e7\u00e3o de VO\u00c7OROCAS. \u00c9 dinheiro p\u00fablico que est\u00e1 saindo do nosso bolso, para ser gasto com PROPAGANDA para anunciar algo que \u00e9 DEVER SAGRADO do poder p\u00fablico. Perguntar n\u00e3o ofende: os FISCAIS DO POVO &#8211; 41 VEREADORES, ser\u00e1 que eles sabem o que [&hellip;]<\/p>\n","protected":false},"author":2,"featured_media":1281,"comment_status":"open","ping_status":"open","sticky":false,"template":"","format":"standard","meta":{"om_disable_all_campaigns":false,"_monsterinsights_skip_tracking":false,"_monsterinsights_sitenote_active":false,"_monsterinsights_sitenote_note":"","_monsterinsights_sitenote_category":0,"footnotes":""},"categories":[43],"tags":[],"class_list":["post-1279","post","type-post","status-publish","format-standard","has-post-thumbnail","hentry","category-manaus"],"aioseo_notices":[],"_links":{"self":[{"href":"https:\/\/clubedabaladeira.com.br\/index.php\/wp-json\/wp\/v2\/posts\/1279","targetHints":{"allow":["GET"]}}],"collection":[{"href":"https:\/\/clubedabaladeira.com.br\/index.php\/wp-json\/wp\/v2\/posts"}],"about":[{"href":"https:\/\/clubedabaladeira.com.br\/index.php\/wp-json\/wp\/v2\/types\/post"}],"author":[{"embeddable":true,"href":"https:\/\/clubedabaladeira.com.br\/index.php\/wp-json\/wp\/v2\/users\/2"}],"replies":[{"embeddable":true,"href":"https:\/\/clubedabaladeira.com.br\/index.php\/wp-json\/wp\/v2\/comments?post=1279"}],"version-history":[{"count":3,"href":"https:\/\/clubedabaladeira.com.br\/index.php\/wp-json\/wp\/v2\/posts\/1279\/revisions"}],"predecessor-version":[{"id":1284,"href":"https:\/\/clubedabaladeira.com.br\/index.php\/wp-json\/wp\/v2\/posts\/1279\/revisions\/1284"}],"wp:featuredmedia":[{"embeddable":true,"href":"https:\/\/clubedabaladeira.com.br\/index.php\/wp-json\/wp\/v2\/media\/1281"}],"wp:attachment":[{"href":"https:\/\/clubedabaladeira.com.br\/index.php\/wp-json\/wp\/v2\/media?parent=1279"}],"wp:term":[{"taxonomy":"category","embeddable":true,"href":"https:\/\/clubedabaladeira.com.br\/index.php\/wp-json\/wp\/v2\/categories?post=1279"},{"taxonomy":"post_tag","embeddable":true,"href":"https:\/\/clubedabaladeira.com.br\/index.php\/wp-json\/wp\/v2\/tags?post=1279"}],"curies":[{"name":"wp","href":"https:\/\/api.w.org\/{rel}","templated":true}]}}