{"id":1222,"date":"2022-05-27T01:26:34","date_gmt":"2022-05-27T04:26:34","guid":{"rendered":"http:\/\/clubedabaladeira.com.br\/?p=1222"},"modified":"2022-05-27T01:26:35","modified_gmt":"2022-05-27T04:26:35","slug":"traficante-no-brasil-e-outra-coisa","status":"publish","type":"post","link":"https:\/\/clubedabaladeira.com.br\/index.php\/2022\/05\/27\/traficante-no-brasil-e-outra-coisa\/","title":{"rendered":"TRAFICANTE &#8211; no Brasil \u00e9 outra coisa&#8230;"},"content":{"rendered":"\n<p>Mais 3 brasileiros foram presos na \u00c1sia e podem ir parar no corredor da morte.<\/p>\n\n\n\n<p>J\u00e1 vimos esse filme antes. Por l\u00e1 n\u00e3o tem perd\u00e3o. Deu bobeira vai mesmo para o pared\u00e3o ou para a pris\u00e3o perp\u00e9tua. Para os \u00faltimos brasileiros executados por l\u00e1 n\u00e3o teve pedido de perd\u00e3o\/clem\u00eancia que desse jeito.<\/p>\n\n\n<div class=\"wp-block-image is-style-rounded\">\n<figure class=\"alignleft size-thumbnail\"><img loading=\"lazy\" decoding=\"async\" width=\"150\" height=\"150\" src=\"http:\/\/clubedabaladeira.com.br\/wp-content\/uploads\/2022\/05\/DROGAS-150x150.jpeg\" alt=\"\" class=\"wp-image-1224\" srcset=\"https:\/\/clubedabaladeira.com.br\/wp-content\/uploads\/2022\/05\/DROGAS-150x150.jpeg 150w, https:\/\/clubedabaladeira.com.br\/wp-content\/uploads\/2022\/05\/DROGAS-75x75.jpeg 75w, https:\/\/clubedabaladeira.com.br\/wp-content\/uploads\/2022\/05\/DROGAS-350x350.jpeg 350w\" sizes=\"auto, (max-width: 150px) 100vw, 150px\" \/><\/figure>\n<\/div>\n\n\n<p>O curioso \u00e9 que esses 3 brasileiros estavam na verdade levando a droga por encomenda de algu\u00e9m. Segundo notici\u00e1rio, os brasileiros teriam sido aliciados por uma outra brasileira que a pol\u00edcia prendeu em Curitiba. Mas, pasmem, pagou uma fian\u00e7a de pouco mais de 2 mil reais e j\u00e1 est\u00e1 livre. O castigo aplicado, tadinha, \u00e9 n\u00e3o poder mais frequentar aeroportos ou similares.  Segundo a ju\u00edza que lhe concedeu liberdade, ela n\u00e3o representa perigo \u00e0 ordem p\u00fablica.<\/p>\n\n\n\n<p>Ora bolas! Traficante \u00e9 sin\u00f4nimo de perigo em qualquer lugar.  A sua atividade criminosa, de alta periculosidade, s\u00f3 traz destrui\u00e7\u00e3o, dor e sofrimento. Traficante \u00e9 uma agente do mal. \u00c9 nocivo \u00e0 sociedade sob todos os aspectos. Para esse tipo de gente \u00e9 <strong>toler\u00e2ncia zero<\/strong>. Eu mandaria essa figura, com tudo pago, para a cela dos brasileiros presos l\u00e1 na \u00c1sia. \u00c9 sem d\u00favida o melhor lugar para essa figura do tr\u00e1fico.\u00a0 Com certeza ela n\u00e3o deve estar preocupada com a vida dos que foram presos na Tail\u00e2ndia com a sua mercadoria. Resta-nos esperar que ela seja espremida pelos verdadeiros donos dos 15 kg de droga interceptada pela pol\u00edcia da Tail\u00e2ndia. Da\u00ed, se bobear, se n\u00e3o se explicar direitinho, vai acabar aparecendo com a boca cheia de formiga.<\/p>\n","protected":false},"excerpt":{"rendered":"<p>Mais 3 brasileiros foram presos na \u00c1sia e podem ir parar no corredor da morte. J\u00e1 vimos esse filme antes. Por l\u00e1 n\u00e3o tem perd\u00e3o. Deu bobeira vai mesmo para o pared\u00e3o ou para a pris\u00e3o perp\u00e9tua. Para os \u00faltimos brasileiros executados por l\u00e1 n\u00e3o teve pedido de perd\u00e3o\/clem\u00eancia que desse jeito. O curioso \u00e9 [&hellip;]<\/p>\n","protected":false},"author":2,"featured_media":1223,"comment_status":"open","ping_status":"open","sticky":false,"template":"","format":"standard","meta":{"om_disable_all_campaigns":false,"_monsterinsights_skip_tracking":false,"_monsterinsights_sitenote_active":false,"_monsterinsights_sitenote_note":"","_monsterinsights_sitenote_category":0,"footnotes":""},"categories":[44],"tags":[],"class_list":["post-1222","post","type-post","status-publish","format-standard","has-post-thumbnail","hentry","category-politica"],"aioseo_notices":[],"_links":{"self":[{"href":"https:\/\/clubedabaladeira.com.br\/index.php\/wp-json\/wp\/v2\/posts\/1222","targetHints":{"allow":["GET"]}}],"collection":[{"href":"https:\/\/clubedabaladeira.com.br\/index.php\/wp-json\/wp\/v2\/posts"}],"about":[{"href":"https:\/\/clubedabaladeira.com.br\/index.php\/wp-json\/wp\/v2\/types\/post"}],"author":[{"embeddable":true,"href":"https:\/\/clubedabaladeira.com.br\/index.php\/wp-json\/wp\/v2\/users\/2"}],"replies":[{"embeddable":true,"href":"https:\/\/clubedabaladeira.com.br\/index.php\/wp-json\/wp\/v2\/comments?post=1222"}],"version-history":[{"count":3,"href":"https:\/\/clubedabaladeira.com.br\/index.php\/wp-json\/wp\/v2\/posts\/1222\/revisions"}],"predecessor-version":[{"id":1227,"href":"https:\/\/clubedabaladeira.com.br\/index.php\/wp-json\/wp\/v2\/posts\/1222\/revisions\/1227"}],"wp:featuredmedia":[{"embeddable":true,"href":"https:\/\/clubedabaladeira.com.br\/index.php\/wp-json\/wp\/v2\/media\/1223"}],"wp:attachment":[{"href":"https:\/\/clubedabaladeira.com.br\/index.php\/wp-json\/wp\/v2\/media?parent=1222"}],"wp:term":[{"taxonomy":"category","embeddable":true,"href":"https:\/\/clubedabaladeira.com.br\/index.php\/wp-json\/wp\/v2\/categories?post=1222"},{"taxonomy":"post_tag","embeddable":true,"href":"https:\/\/clubedabaladeira.com.br\/index.php\/wp-json\/wp\/v2\/tags?post=1222"}],"curies":[{"name":"wp","href":"https:\/\/api.w.org\/{rel}","templated":true}]}}