{"id":1201,"date":"2022-05-18T22:40:43","date_gmt":"2022-05-19T01:40:43","guid":{"rendered":"http:\/\/clubedabaladeira.com.br\/?p=1201"},"modified":"2022-05-18T22:40:44","modified_gmt":"2022-05-19T01:40:44","slug":"manaus-e-a-cidade-mais-limpa-do-brasil","status":"publish","type":"post","link":"https:\/\/clubedabaladeira.com.br\/index.php\/2022\/05\/18\/manaus-e-a-cidade-mais-limpa-do-brasil\/","title":{"rendered":"MANAUS &#8211; \u00e9 a cidade mais limpa do Brasil ?"},"content":{"rendered":"\n<p>O Prefeito de Manaus vem explorado politicamente o t\u00edtulo de cidade mais limpa do Brasil. Na verdade sabemos muito pouco de como e quem fez essa pesquisa que chegou \u00e0 conclus\u00e3o de que Manaus \u00e9 a cidade mais limpa deste pa\u00eds. Quais crit\u00e9rios foram aplicados nessa avalia\u00e7\u00e3o &#8211; algu\u00e9m saberia dizer?<\/p>\n\n\n\n<div class=\"wp-block-image is-style-rounded\"><figure class=\"alignleft size-thumbnail is-resized\"><img loading=\"lazy\" decoding=\"async\" src=\"http:\/\/clubedabaladeira.com.br\/wp-content\/uploads\/2022\/05\/GARI-MANAUS-150x150.png\" alt=\"\" class=\"wp-image-1209\" width=\"150\" height=\"150\" srcset=\"https:\/\/clubedabaladeira.com.br\/wp-content\/uploads\/2022\/05\/GARI-MANAUS-150x150.png 150w, https:\/\/clubedabaladeira.com.br\/wp-content\/uploads\/2022\/05\/GARI-MANAUS-75x75.png 75w, https:\/\/clubedabaladeira.com.br\/wp-content\/uploads\/2022\/05\/GARI-MANAUS-350x350.png 350w\" sizes=\"auto, (max-width: 150px) 100vw, 150px\" \/><\/figure><\/div>\n\n\n\n<p>Independente desse detalhe de como aconteceu a escolha de Manaus como cidade mais limpa do Brasil, mas considerando que vivemos numa cidade de muita gente  porca e abusada na quest\u00e3o do descarte de lixo, temos muito \u00e9 que nos orgulhar e exaltar o trabalho de um batalh\u00e3o de guerreiros e guerreiras (garis) que todos os dias est\u00e3o nas ruas cuidando da limpeza, muitas das vezes em condi\u00e7\u00f5es adversas. A essas pessoas a nossa gratid\u00e3o e reconhecimento. <\/p>\n\n\n\n<p>A cidade de Manaus bem que poderia ser mais limpa se o cidad\u00e3o resolvesse colaborar e o poder p\u00fablico resolvesse fazer a sua parte agindo com rigor e toler\u00e2ncia zero contra os abusados que atiram lixo em qualquer lugar. Na Rua 6 do Parque 10 de Novembro, por exemplo, nas proximidades da Escola Palas Atenas, est\u00e1 l\u00e1 um terreno de esquina tomado pelo mato e transformado em ponto de descarte de lixo de toda natureza. Se os alunos da Escola precisarem fazer algum trabalho sobre lixo ou lixeira urbana, n\u00e3o precisar\u00e3o ir muito longe.  Basta atravessar a rua e dar alguns passos em dire\u00e7\u00e3o a lixeira a c\u00e9u aberto que ali est\u00e1 faz tempo.<\/p>\n\n\n\n<p>Com certeza esse terreno de esquina tem um propriet\u00e1rio. Enquanto nele depositarem s\u00f3 lixo, o dono com certeza n\u00e3o vai aparecer para mandar limpar. Vai continuar apostando na omiss\u00e3o do poder p\u00fablico, consequentemente na sua impunidade. Mas, se aparecer algum Jo\u00e3o-sem-bra\u00e7o limpando o terreno para colocar uma banca de qualquer coisa para sobreviver, com certeza o dono vai aparecer rapidinho, enfurecido e cinicamente exigindo provid\u00eancias da pol\u00edcia. \u00c9 assim que funciona.<\/p>\n\n\n\n<p><\/p>\n\n\n\n<p><\/p>\n","protected":false},"excerpt":{"rendered":"<p>Lixo Urbano<\/p>\n","protected":false},"author":2,"featured_media":1207,"comment_status":"open","ping_status":"open","sticky":false,"template":"","format":"standard","meta":{"om_disable_all_campaigns":false,"_monsterinsights_skip_tracking":false,"_monsterinsights_sitenote_active":false,"_monsterinsights_sitenote_note":"","_monsterinsights_sitenote_category":0,"footnotes":""},"categories":[43],"tags":[],"class_list":["post-1201","post","type-post","status-publish","format-standard","has-post-thumbnail","hentry","category-manaus"],"aioseo_notices":[],"_links":{"self":[{"href":"https:\/\/clubedabaladeira.com.br\/index.php\/wp-json\/wp\/v2\/posts\/1201","targetHints":{"allow":["GET"]}}],"collection":[{"href":"https:\/\/clubedabaladeira.com.br\/index.php\/wp-json\/wp\/v2\/posts"}],"about":[{"href":"https:\/\/clubedabaladeira.com.br\/index.php\/wp-json\/wp\/v2\/types\/post"}],"author":[{"embeddable":true,"href":"https:\/\/clubedabaladeira.com.br\/index.php\/wp-json\/wp\/v2\/users\/2"}],"replies":[{"embeddable":true,"href":"https:\/\/clubedabaladeira.com.br\/index.php\/wp-json\/wp\/v2\/comments?post=1201"}],"version-history":[{"count":7,"href":"https:\/\/clubedabaladeira.com.br\/index.php\/wp-json\/wp\/v2\/posts\/1201\/revisions"}],"predecessor-version":[{"id":1214,"href":"https:\/\/clubedabaladeira.com.br\/index.php\/wp-json\/wp\/v2\/posts\/1201\/revisions\/1214"}],"wp:featuredmedia":[{"embeddable":true,"href":"https:\/\/clubedabaladeira.com.br\/index.php\/wp-json\/wp\/v2\/media\/1207"}],"wp:attachment":[{"href":"https:\/\/clubedabaladeira.com.br\/index.php\/wp-json\/wp\/v2\/media?parent=1201"}],"wp:term":[{"taxonomy":"category","embeddable":true,"href":"https:\/\/clubedabaladeira.com.br\/index.php\/wp-json\/wp\/v2\/categories?post=1201"},{"taxonomy":"post_tag","embeddable":true,"href":"https:\/\/clubedabaladeira.com.br\/index.php\/wp-json\/wp\/v2\/tags?post=1201"}],"curies":[{"name":"wp","href":"https:\/\/api.w.org\/{rel}","templated":true}]}}