{"id":1144,"date":"2022-04-21T23:16:00","date_gmt":"2022-04-22T02:16:00","guid":{"rendered":"http:\/\/clubedabaladeira.com.br\/?p=1144"},"modified":"2022-04-21T23:20:50","modified_gmt":"2022-04-22T02:20:50","slug":"o-que-dizer-da-borracharia-e-lava-jato-demolidos-pela-prefeitura-de-manaus","status":"publish","type":"post","link":"https:\/\/clubedabaladeira.com.br\/index.php\/2022\/04\/21\/o-que-dizer-da-borracharia-e-lava-jato-demolidos-pela-prefeitura-de-manaus\/","title":{"rendered":"O que dizer da BORRACHARIA e LAVA-JATO demolidos pela Prefeitura de Manaus."},"content":{"rendered":"\n<div class=\"wp-block-image\"><figure class=\"alignleft size-thumbnail\"><img loading=\"lazy\" decoding=\"async\" width=\"150\" height=\"150\" src=\"http:\/\/clubedabaladeira.com.br\/wp-content\/uploads\/2022\/04\/CARICATURA-EMMANUEL-1-150x150.jpeg\" alt=\"\" class=\"wp-image-1145\" srcset=\"https:\/\/clubedabaladeira.com.br\/wp-content\/uploads\/2022\/04\/CARICATURA-EMMANUEL-1-150x150.jpeg 150w, https:\/\/clubedabaladeira.com.br\/wp-content\/uploads\/2022\/04\/CARICATURA-EMMANUEL-1-75x75.jpeg 75w, https:\/\/clubedabaladeira.com.br\/wp-content\/uploads\/2022\/04\/CARICATURA-EMMANUEL-1.jpeg 192w\" sizes=\"auto, (max-width: 150px) 100vw, 150px\" \/><\/figure><\/div>\n\n\n\n<p>Uma Borracharia e um Lava Jato foram demolidos pela Prefeitura de Manaus no canteiro central da Avenida das Torres. Pelo que est\u00e1 dito nos notici\u00e1rios, teria sido uma a\u00e7\u00e3o conjunta das  siglas Implurb, Gipiap, Semseg, GOE e Seminf.<\/p>\n\n\n\n<p>Nada de errado!  Se a ocupa\u00e7\u00e3o foi irregular, tem mais \u00e9 que demolir mesmo.<\/p>\n\n\n\n<p>Na verdade  o que se questiona \u00e9 o fato da Prefeitura n\u00e3o aplicar a mesma pena a outros locais onde os abusos de ocupa\u00e7\u00e3o irregular s\u00e3o bem mais absurdos, graves e que j\u00e1 vem acontecendo h\u00e1 muito tempo no nariz de todas as autoridades desta cidade.<\/p>\n\n\n\n<p>Estamos falando da esculhamba\u00e7\u00e3o instalada no entorno do Posto San REMO na Bola da Suframa. \u00c9 o port\u00e3o de entrada e sa\u00edda do Distrito Industrial de Manaus. Ali\u00e1s, o cart\u00e3o postal que Arthur e Rotta prometeram transformar o Distrito Industrial ficou s\u00f3 no discurso furado. E o que o David e o Rotta entregaram de fato est\u00e1 longe de ser esse cart\u00e3o postal que tanto se esperava ver. . <\/p>\n\n\n\n<p>Ali sim a Prefeitura j\u00e1 deveria ter agido, demolido e retirado dali uma s\u00e9rie de atividades irregulares e at\u00e9 il\u00edcitas. Ali tem de tudo um pouco e a conversa \u00e9 que naquele local vai ser criado um museu ou seu l\u00e1 o qu\u00ea. Ora bolas! Independente do que vai ou n\u00e3o vai nascer ali, se a ocupa\u00e7\u00e3o que l\u00e1 est\u00e1 \u00e9 irregular e at\u00e9 il\u00edcita para algumas coisas, a Prefeitura j\u00e1 deveria ter aplicado o mesmo tratamento dado \u00e0 Borracharia e o Lava Jato da Avenida das Torres.<\/p>\n","protected":false},"excerpt":{"rendered":"<p>Uma Borracharia e um Lava Jato foram demolidos pela Prefeitura de Manaus no canteiro central da Avenida das Torres. Pelo que est\u00e1 dito nos notici\u00e1rios, teria sido uma a\u00e7\u00e3o conjunta das siglas Implurb, Gipiap, Semseg, GOE e Seminf. Nada de errado! Se a ocupa\u00e7\u00e3o foi irregular, tem mais \u00e9 que demolir mesmo. Na verdade o [&hellip;]<\/p>\n","protected":false},"author":2,"featured_media":0,"comment_status":"open","ping_status":"open","sticky":false,"template":"","format":"standard","meta":{"om_disable_all_campaigns":false,"_monsterinsights_skip_tracking":false,"_monsterinsights_sitenote_active":false,"_monsterinsights_sitenote_note":"","_monsterinsights_sitenote_category":0,"footnotes":""},"categories":[43],"tags":[],"class_list":["post-1144","post","type-post","status-publish","format-standard","hentry","category-manaus"],"aioseo_notices":[],"_links":{"self":[{"href":"https:\/\/clubedabaladeira.com.br\/index.php\/wp-json\/wp\/v2\/posts\/1144","targetHints":{"allow":["GET"]}}],"collection":[{"href":"https:\/\/clubedabaladeira.com.br\/index.php\/wp-json\/wp\/v2\/posts"}],"about":[{"href":"https:\/\/clubedabaladeira.com.br\/index.php\/wp-json\/wp\/v2\/types\/post"}],"author":[{"embeddable":true,"href":"https:\/\/clubedabaladeira.com.br\/index.php\/wp-json\/wp\/v2\/users\/2"}],"replies":[{"embeddable":true,"href":"https:\/\/clubedabaladeira.com.br\/index.php\/wp-json\/wp\/v2\/comments?post=1144"}],"version-history":[{"count":1,"href":"https:\/\/clubedabaladeira.com.br\/index.php\/wp-json\/wp\/v2\/posts\/1144\/revisions"}],"predecessor-version":[{"id":1146,"href":"https:\/\/clubedabaladeira.com.br\/index.php\/wp-json\/wp\/v2\/posts\/1144\/revisions\/1146"}],"wp:attachment":[{"href":"https:\/\/clubedabaladeira.com.br\/index.php\/wp-json\/wp\/v2\/media?parent=1144"}],"wp:term":[{"taxonomy":"category","embeddable":true,"href":"https:\/\/clubedabaladeira.com.br\/index.php\/wp-json\/wp\/v2\/categories?post=1144"},{"taxonomy":"post_tag","embeddable":true,"href":"https:\/\/clubedabaladeira.com.br\/index.php\/wp-json\/wp\/v2\/tags?post=1144"}],"curies":[{"name":"wp","href":"https:\/\/api.w.org\/{rel}","templated":true}]}}