{"id":1101,"date":"2022-04-16T16:53:57","date_gmt":"2022-04-16T19:53:57","guid":{"rendered":"http:\/\/clubedabaladeira.com.br\/?p=1101"},"modified":"2022-04-16T18:20:21","modified_gmt":"2022-04-16T21:20:21","slug":"malhacao-do-judas","status":"publish","type":"post","link":"https:\/\/clubedabaladeira.com.br\/index.php\/2022\/04\/16\/malhacao-do-judas\/","title":{"rendered":"MALHA\u00c7\u00c3O do JUDAS"},"content":{"rendered":"\n<p>Na minha juventude a malha\u00e7\u00e3o do Judas era uma tradi\u00e7\u00e3o muito legal. O s\u00e1bado de aleluia tinha o seu encanto.<\/p>\n\n\n\n<p>Eu morava na Avenida Get\u00falio Vargas, j\u00e1 chegando na rua Ramos Ferreira. Era sagrado no s\u00e1bado de aleluia termos o nosso Judas amarrado no poste bem pr\u00f3ximo de casa. Minha av\u00f3 Graziela cuidava de separar e guardar toda a indument\u00e1ria para a cria\u00e7\u00e3o do Judas. Nada podia faltar, nem mesmo a peruca. O Judas era todo ele criado e preparado por dois colegas, os irm\u00e3os Geraldo e Zezinho, que moravam na Vila Mimi, bem ao lado de nossa casa. Eles conheciam a  arte da costura e faziam cal\u00e7as e camisas para muita gente da rua. Eu mesmo usei muitas cal\u00e7as e camisas confeccionadas pelos irm\u00e3os, Compr\u00e1vamos os tecidos na Loja Pernambucana e escolh\u00edamos os modelos nas revistas de moda da \u00e9poca. <\/p>\n\n\n\n<p>Voltando ao Judas, a cabe\u00e7a e a peruca do boneco eram preparadas por Ded\u00e9, tio dos irm\u00e3os Geraldo e Zezinho. Ele era um artista pl\u00e1stico  conhecido na cidade pelos seus belos trabalhos, principalmente no carnaval. Infelizmente todos j\u00e1 n\u00e3o est\u00e3o mais conosco neste plano. <\/p>\n\n\n\n<p>Certo ano, colocamos o Judas no poste e amarramos um fio no ded\u00e3o de uma das m\u00e3os. Esse fio era longo e quando puxado a dist\u00e2ncia por algu\u00e9m escondido, o bra\u00e7o levantava como se o Judas estivesse fazendo sinal de parada. A ideia era exatamente essa &#8211; quando o motorista do taxi ou \u00f4nibus se aproximava, acabava parando ao sinal do Judas. Quando percebiam que era uma brincadeira, seguiam em frente. Uns xingavam e outros curtiam a brincadeira numa boa.  Lembro apenas uma \u00fanica vez que a brincadeira quase termina mal. Um fusquinha particular passou e quem estava dentro viu a brincadeira de Judas. Subiram e desceram a Get\u00falio Vargas mais de uma vez.  Passavam lentamente em frente ao Judas e isso chamou a aten\u00e7\u00e3o da turma da rua. Pareciam dispostos a arrancar o Judas do poste e levar, <\/p>\n\n\n\n<p>Quando o carona que estava no fusquinha suspeito abriu a porta e amea\u00e7ou descer do carro para pegar o Judas, uma galera saiu de  dentro da Vila Mimi aos gritos de Pega! Pega! Pega! O sujeito foi r\u00e1pido em fechar de volta a porta, mas o motorista assustado n\u00e3o foi suficientemente r\u00e1pido para arrancar e escapar dos chutes na porta do fusquinha. Asseguro que foram muitas as bicudas na porta do fusquinha, suficientes para n\u00e3o voltarem mais.   <\/p>\n","protected":false},"excerpt":{"rendered":"<p>Na minha juventude a malha\u00e7\u00e3o do Judas era uma tradi\u00e7\u00e3o muito legal. O s\u00e1bado de aleluia tinha o seu encanto. Eu morava na Avenida Get\u00falio Vargas, j\u00e1 chegando na rua Ramos Ferreira. Era sagrado no s\u00e1bado de aleluia termos o nosso Judas amarrado no poste bem pr\u00f3ximo de casa. Minha av\u00f3 Graziela cuidava de separar [&hellip;]<\/p>\n","protected":false},"author":2,"featured_media":1102,"comment_status":"open","ping_status":"open","sticky":false,"template":"","format":"standard","meta":{"om_disable_all_campaigns":false,"_monsterinsights_skip_tracking":false,"_monsterinsights_sitenote_active":false,"_monsterinsights_sitenote_note":"","_monsterinsights_sitenote_category":0,"footnotes":""},"categories":[43],"tags":[],"class_list":["post-1101","post","type-post","status-publish","format-standard","has-post-thumbnail","hentry","category-manaus"],"aioseo_notices":[],"_links":{"self":[{"href":"https:\/\/clubedabaladeira.com.br\/index.php\/wp-json\/wp\/v2\/posts\/1101","targetHints":{"allow":["GET"]}}],"collection":[{"href":"https:\/\/clubedabaladeira.com.br\/index.php\/wp-json\/wp\/v2\/posts"}],"about":[{"href":"https:\/\/clubedabaladeira.com.br\/index.php\/wp-json\/wp\/v2\/types\/post"}],"author":[{"embeddable":true,"href":"https:\/\/clubedabaladeira.com.br\/index.php\/wp-json\/wp\/v2\/users\/2"}],"replies":[{"embeddable":true,"href":"https:\/\/clubedabaladeira.com.br\/index.php\/wp-json\/wp\/v2\/comments?post=1101"}],"version-history":[{"count":3,"href":"https:\/\/clubedabaladeira.com.br\/index.php\/wp-json\/wp\/v2\/posts\/1101\/revisions"}],"predecessor-version":[{"id":1117,"href":"https:\/\/clubedabaladeira.com.br\/index.php\/wp-json\/wp\/v2\/posts\/1101\/revisions\/1117"}],"wp:featuredmedia":[{"embeddable":true,"href":"https:\/\/clubedabaladeira.com.br\/index.php\/wp-json\/wp\/v2\/media\/1102"}],"wp:attachment":[{"href":"https:\/\/clubedabaladeira.com.br\/index.php\/wp-json\/wp\/v2\/media?parent=1101"}],"wp:term":[{"taxonomy":"category","embeddable":true,"href":"https:\/\/clubedabaladeira.com.br\/index.php\/wp-json\/wp\/v2\/categories?post=1101"},{"taxonomy":"post_tag","embeddable":true,"href":"https:\/\/clubedabaladeira.com.br\/index.php\/wp-json\/wp\/v2\/tags?post=1101"}],"curies":[{"name":"wp","href":"https:\/\/api.w.org\/{rel}","templated":true}]}}