{"id":1099,"date":"2022-04-16T22:46:07","date_gmt":"2022-04-17T01:46:07","guid":{"rendered":"http:\/\/clubedabaladeira.com.br\/?p=1099"},"modified":"2022-04-21T20:27:32","modified_gmt":"2022-04-21T23:27:32","slug":"paraquedismo-local-de-luto","status":"publish","type":"post","link":"https:\/\/clubedabaladeira.com.br\/index.php\/2022\/04\/16\/paraquedismo-local-de-luto\/","title":{"rendered":"PARAQUEDISMO local de luto&#8230;"},"content":{"rendered":"\n<p>Infelizmente nesta P\u00e1scoa estamos assistindo a dor e o sofrimento de uma fam\u00edlia. Uma linda jovem paraquedista de 23 anos perdeu o controle do seu equipamento durante o salto. As condi\u00e7\u00f5es do tempo, salvo melhor ju\u00edzo, n\u00e3o se mostravam naquele momento favor\u00e1veis para essa pr\u00e1tica esportiva.  Entendo que estavam ali apenas para se divertirem com o que gostam de fazer. Pelos notici\u00e1rios, n\u00e3o foi s\u00f3 a jovem que teve dificuldades durante o salto e existe um segundo paraquedista que ainda n\u00e3o foi localizado e resgatado.<\/p>\n\n\n\n<p>\u00c9 muito triste! Entende-se que esse acidente vai precisar ser investigada a fundo. Houve neglig\u00eancia? Considerando que o salto aconteceu com a participa\u00e7\u00e3o de 14 paraquedistas, com 4 deles enfrentando dificuldades com os ventos e 2 terem perdido a pr\u00f3pria vida, alguma coisa de errado, ou de muito errado aconteceu no planejamento desse salto. Quem autorizou esse voo? Quem autorizou esse salto em condi\u00e7\u00f5es de tempo e ventos que pareciam adversos? Qual era a prepara\u00e7\u00e3o t\u00e9cnica dos que saltaram, j\u00e1 que parte do grupo foi levado pelos ventos e dois deles perderam a vida. <\/p>\n\n\n\n<p>Essa \u00e9 uma situa\u00e7\u00e3o que precisa ficar bem esclarecida ou vamos chorar juntos agora e esperar pela pr\u00f3xima trag\u00e9dia. <\/p>\n\n\n\n<p>Que n\u00e3o nos venham depois das investiga\u00e7\u00f5es culparem os paraquedistas cujas vidas foram perdidas. Diante dos fatos que a\u00ed est\u00e3o expostos, essa trag\u00e9dia poderia ter sido maior. Que os respons\u00e1veis, aqueles que poderiam ter evitado essa trag\u00e9dia, sejam identificados e exemplarmente punidos, se \u00e9 que isso \u00e9 poss\u00edvel de acontecer diante de tantas mazelas que temos assistido neste pa\u00eds.<\/p>\n","protected":false},"excerpt":{"rendered":"<p>Infelizmente nesta P\u00e1scoa estamos assistindo a dor e o sofrimento de uma fam\u00edlia. Uma linda jovem paraquedista de 23 anos perdeu o controle do seu equipamento durante o salto. As condi\u00e7\u00f5es do tempo, salvo melhor ju\u00edzo, n\u00e3o se mostravam naquele momento favor\u00e1veis para essa pr\u00e1tica esportiva. Entendo que estavam ali apenas para se divertirem com [&hellip;]<\/p>\n","protected":false},"author":2,"featured_media":1105,"comment_status":"open","ping_status":"open","sticky":false,"template":"","format":"standard","meta":{"om_disable_all_campaigns":false,"_monsterinsights_skip_tracking":false,"_monsterinsights_sitenote_active":false,"_monsterinsights_sitenote_note":"","_monsterinsights_sitenote_category":0,"footnotes":""},"categories":[43],"tags":[],"class_list":["post-1099","post","type-post","status-publish","format-standard","has-post-thumbnail","hentry","category-manaus"],"aioseo_notices":[],"_links":{"self":[{"href":"https:\/\/clubedabaladeira.com.br\/index.php\/wp-json\/wp\/v2\/posts\/1099","targetHints":{"allow":["GET"]}}],"collection":[{"href":"https:\/\/clubedabaladeira.com.br\/index.php\/wp-json\/wp\/v2\/posts"}],"about":[{"href":"https:\/\/clubedabaladeira.com.br\/index.php\/wp-json\/wp\/v2\/types\/post"}],"author":[{"embeddable":true,"href":"https:\/\/clubedabaladeira.com.br\/index.php\/wp-json\/wp\/v2\/users\/2"}],"replies":[{"embeddable":true,"href":"https:\/\/clubedabaladeira.com.br\/index.php\/wp-json\/wp\/v2\/comments?post=1099"}],"version-history":[{"count":8,"href":"https:\/\/clubedabaladeira.com.br\/index.php\/wp-json\/wp\/v2\/posts\/1099\/revisions"}],"predecessor-version":[{"id":1115,"href":"https:\/\/clubedabaladeira.com.br\/index.php\/wp-json\/wp\/v2\/posts\/1099\/revisions\/1115"}],"wp:featuredmedia":[{"embeddable":true,"href":"https:\/\/clubedabaladeira.com.br\/index.php\/wp-json\/wp\/v2\/media\/1105"}],"wp:attachment":[{"href":"https:\/\/clubedabaladeira.com.br\/index.php\/wp-json\/wp\/v2\/media?parent=1099"}],"wp:term":[{"taxonomy":"category","embeddable":true,"href":"https:\/\/clubedabaladeira.com.br\/index.php\/wp-json\/wp\/v2\/categories?post=1099"},{"taxonomy":"post_tag","embeddable":true,"href":"https:\/\/clubedabaladeira.com.br\/index.php\/wp-json\/wp\/v2\/tags?post=1099"}],"curies":[{"name":"wp","href":"https:\/\/api.w.org\/{rel}","templated":true}]}}